{"id":24665,"date":"2015-03-09T13:02:47","date_gmt":"2015-03-09T18:02:47","guid":{"rendered":"http:\/\/www.ambiente.gob.ec\/?p=24665"},"modified":"2015-03-09T13:02:47","modified_gmt":"2015-03-09T18:02:47","slug":"ganadores-del-concurso-de-pesebres-ecologicos-visitan-la-reserva-biologica-limoncocha","status":"publish","type":"post","link":"https:\/\/www.ambienteyenergia.gob.ec\/ambiente\/ganadores-del-concurso-de-pesebres-ecologicos-visitan-la-reserva-biologica-limoncocha\/","title":{"rendered":"Ganadores del concurso de pesebres ecol\u00f3gicos visitan la Reserva Biol\u00f3gica Limoncocha"},"content":{"rendered":"<p style=\"text-align: justify;\">Como parte del premio recibido en el concurso de pesebres ecol\u00f3gicos realizado el pasado mes de diciembre en la provincia de Sucumbios; los ganadores del evento recibieron un entretenido y educativo recorrido por la Reserva Biol\u00f3gica Limoncocha; con el fin de dar a conocer a ni\u00f1os y ni\u00f1as la importancia de conservar las \u00e1reas protegidas.<\/p>\n<p style=\"text-align: justify;\">La Reserva Biol\u00f3gica Limoncocha es una \u00e1rea protegida con una extensi\u00f3n de 4.613 hect\u00e1reas y una temperatura de de 25\u00baC, convirti\u00e9ndose en un lugar h\u00famedo tropical ideal para el h\u00e1bitat de todo tipo de vida silvestre (flora y fauna), aqu\u00ed habitan aproximadamente 464 especies de aves, 74 de mam\u00edferos, 92 de anfibios y reptiles, adem\u00e1s de miles de insectos de una amplia variedad.<\/p>\n<p style=\"text-align: justify;\">Esta Reserva reconocida internacionalmente como uno de los mayores humedales con gran importancia en el Ecuador, es ideal para el ecoturismo.<\/p>\n<p style=\"text-align: justify;\">El recorrido inici\u00f3 a las 10:00 del pasado 6 de marzo, con la participaci\u00f3n de 27 estudiantes del s\u00e9ptimo a\u00f1o de Educaci\u00f3n B\u00e1sica de la Escuela Fiscal Mixta Lago Agrio, durante 4 horas realizaron varias actividades: una charla de inducci\u00f3n sobre la RBL, recorrido en la laguna y un recorrido por el sendero El Caim\u00e1n.<\/p>\n<p style=\"text-align: justify;\">El Ministerio del Ambiente del Ecuador (MAE) mantiene la pol\u00edtica de gratuidad en la \u00c1reas Protegidas como una manera de incentivar el turismo y que los ecuatorianos\/as y extranjeros conozcan la riqueza del Ecuador, a trav\u00e9s de guianzas que impulsan la Educaci\u00f3n Ambiental. \/\/MH<\/p>\n<p style=\"text-align: justify;\">\n","protected":false},"excerpt":{"rendered":"<p class=\"excerpt\">Como parte del premio recibido en el concurso de pesebres ecol\u00f3gicos realizado el pasado mes de diciembre en la provincia de Sucumbios; los ganadores del evento recibieron un entretenido y educativo recorrido por la Reserva Biol\u00f3gica Limoncocha; con el fin de dar a conocer a ni\u00f1os y ni\u00f1as la importancia de conservar las \u00e1reas protegidas. La Reserva Biol\u00f3gica Limoncocha es&hellip; <a href=\"https:\/\/www.ambienteyenergia.gob.ec\/ambiente\/ganadores-del-concurso-de-pesebres-ecologicos-visitan-la-reserva-biologica-limoncocha\/\">Read more &rarr;<\/a><\/p>\n","protected":false},"author":13,"featured_media":24666,"comment_status":"open","ping_status":"open","sticky":false,"template":"","format":"standard","meta":{"footnotes":""},"categories":[16,4],"tags":[],"class_list":["post-24665","post","type-post","status-publish","format-standard","has-post-thumbnail","hentry","category-comunicamos","category-noticias","xfolkentry"],"_links":{"self":[{"href":"https:\/\/www.ambienteyenergia.gob.ec\/ambiente\/wp-json\/wp\/v2\/posts\/24665","targetHints":{"allow":["GET"]}}],"collection":[{"href":"https:\/\/www.ambienteyenergia.gob.ec\/ambiente\/wp-json\/wp\/v2\/posts"}],"about":[{"href":"https:\/\/www.ambienteyenergia.gob.ec\/ambiente\/wp-json\/wp\/v2\/types\/post"}],"author":[{"embeddable":true,"href":"https:\/\/www.ambienteyenergia.gob.ec\/ambiente\/wp-json\/wp\/v2\/users\/13"}],"replies":[{"embeddable":true,"href":"https:\/\/www.ambienteyenergia.gob.ec\/ambiente\/wp-json\/wp\/v2\/comments?post=24665"}],"version-history":[{"count":0,"href":"https:\/\/www.ambienteyenergia.gob.ec\/ambiente\/wp-json\/wp\/v2\/posts\/24665\/revisions"}],"wp:featuredmedia":[{"embeddable":true,"href":"https:\/\/www.ambienteyenergia.gob.ec\/ambiente\/wp-json\/wp\/v2\/media\/24666"}],"wp:attachment":[{"href":"https:\/\/www.ambienteyenergia.gob.ec\/ambiente\/wp-json\/wp\/v2\/media?parent=24665"}],"wp:term":[{"taxonomy":"category","embeddable":true,"href":"https:\/\/www.ambienteyenergia.gob.ec\/ambiente\/wp-json\/wp\/v2\/categories?post=24665"},{"taxonomy":"post_tag","embeddable":true,"href":"https:\/\/www.ambienteyenergia.gob.ec\/ambiente\/wp-json\/wp\/v2\/tags?post=24665"}],"curies":[{"name":"wp","href":"https:\/\/api.w.org\/{rel}","templated":true}]}}