{"id":24661,"date":"2015-03-06T12:09:16","date_gmt":"2015-03-06T17:09:16","guid":{"rendered":"http:\/\/www.ambiente.gob.ec\/?p=24661"},"modified":"2015-03-09T09:31:31","modified_gmt":"2015-03-09T14:31:31","slug":"venado-de-cola-blanca-rescatado-en-la-reserva-ecologica-cotacachi-cayapas","status":"publish","type":"post","link":"https:\/\/www.ambienteyenergia.gob.ec\/ambiente\/venado-de-cola-blanca-rescatado-en-la-reserva-ecologica-cotacachi-cayapas\/","title":{"rendered":"Venado de cola blanca rescatado en La Reserva Ecol\u00f3gica Cotacachi &#8211; Cayapas"},"content":{"rendered":"<p style=\"text-align: justify;\" align=\"JUSTIFY\">La Direcci\u00f3n Provincial de Imbabura del Ministerio del Ambiente (MAE), a trav\u00e9s de los guardaparques de la Reserva Ecol\u00f3gica Cotacachi \u2013 Cayapas (RECC) realiz\u00f3 el rescate de un venado cola blanca, el mismo que fue trasladado al Zool\u00f3gico de Guayllabamba.<\/p>\n<p style=\"text-align: justify;\" align=\"JUSTIFY\">Personal t\u00e9cnico de la RECC, en su labor de protecci\u00f3n y conservaci\u00f3n de la vida silvestre, rescataron un venado de apenas 10 d\u00edas de nacido, que al parecer fue abandonado por su madre al ser asustada por otros animales.<\/p>\n<p style=\"text-align: justify;\" align=\"JUSTIFY\">Alfredo Obando, morador de Irugincho de los p\u00e1ramos de Pi\u00f1\u00e1n, fue quien encontr\u00f3 al animal para luego llevarlo voluntariamente a los guardaparques de la Reserva. Obando insisti\u00f3 que \u201cel venado nos sigui\u00f3 hasta nuestra caso, lo alimentamos y lo cuidamos desde el pasado s\u00e1bado, para evitar que el animal muera, cuando vimos que el venado estaba mejor lo entregamos a las autoridades para que lo atiendan y lo protejan\u201d.<\/p>\n<p style=\"text-align: justify;\" align=\"JUSTIFY\">El venado fue trasladado hasta el Zool\u00f3gico de Guayllabamba en donde iniciar\u00e1 su proceso de cuarentena, en el que se determinar\u00e1 su condici\u00f3n de salud, de adaptabilidad y su respuesta a su h\u00e1bitat natural.<\/p>\n<p style=\"text-align: justify;\" align=\"JUSTIFY\">Luego de este per\u00edodo se conocer\u00e1 si es posible que el peque\u00f1o venado de cola blanca regrese a su h\u00e1bitat natural, hecho por el cual trabaja el Ministerio del Ambiente en todo el territorio ecuatoriano.<\/p>\n<p style=\"text-align: justify;\" align=\"JUSTIFY\">El MAE recuerda a la ciudadan\u00eda que la tenencia de animales silvestres es ilegal. Esta pr\u00e1ctica se castiga hasta con tres a\u00f1os de prisi\u00f3n.\/da-ds<\/p>\n","protected":false},"excerpt":{"rendered":"<p class=\"excerpt\">La Direcci\u00f3n Provincial de Imbabura del Ministerio del Ambiente (MAE), a trav\u00e9s de los guardaparques de la Reserva Ecol\u00f3gica Cotacachi \u2013 Cayapas (RECC) realiz\u00f3 el rescate de un venado cola blanca, el mismo que fue trasladado al Zool\u00f3gico de Guayllabamba. Personal t\u00e9cnico de la RECC, en su labor de protecci\u00f3n y conservaci\u00f3n de la vida silvestre, rescataron un venado de&hellip; <a href=\"https:\/\/www.ambienteyenergia.gob.ec\/ambiente\/venado-de-cola-blanca-rescatado-en-la-reserva-ecologica-cotacachi-cayapas\/\">Read more &rarr;<\/a><\/p>\n","protected":false},"author":13,"featured_media":24662,"comment_status":"open","ping_status":"open","sticky":false,"template":"","format":"standard","meta":{"footnotes":""},"categories":[16,4],"tags":[],"class_list":["post-24661","post","type-post","status-publish","format-standard","has-post-thumbnail","hentry","category-comunicamos","category-noticias","xfolkentry"],"_links":{"self":[{"href":"https:\/\/www.ambienteyenergia.gob.ec\/ambiente\/wp-json\/wp\/v2\/posts\/24661","targetHints":{"allow":["GET"]}}],"collection":[{"href":"https:\/\/www.ambienteyenergia.gob.ec\/ambiente\/wp-json\/wp\/v2\/posts"}],"about":[{"href":"https:\/\/www.ambienteyenergia.gob.ec\/ambiente\/wp-json\/wp\/v2\/types\/post"}],"author":[{"embeddable":true,"href":"https:\/\/www.ambienteyenergia.gob.ec\/ambiente\/wp-json\/wp\/v2\/users\/13"}],"replies":[{"embeddable":true,"href":"https:\/\/www.ambienteyenergia.gob.ec\/ambiente\/wp-json\/wp\/v2\/comments?post=24661"}],"version-history":[{"count":0,"href":"https:\/\/www.ambienteyenergia.gob.ec\/ambiente\/wp-json\/wp\/v2\/posts\/24661\/revisions"}],"wp:featuredmedia":[{"embeddable":true,"href":"https:\/\/www.ambienteyenergia.gob.ec\/ambiente\/wp-json\/wp\/v2\/media\/24662"}],"wp:attachment":[{"href":"https:\/\/www.ambienteyenergia.gob.ec\/ambiente\/wp-json\/wp\/v2\/media?parent=24661"}],"wp:term":[{"taxonomy":"category","embeddable":true,"href":"https:\/\/www.ambienteyenergia.gob.ec\/ambiente\/wp-json\/wp\/v2\/categories?post=24661"},{"taxonomy":"post_tag","embeddable":true,"href":"https:\/\/www.ambienteyenergia.gob.ec\/ambiente\/wp-json\/wp\/v2\/tags?post=24661"}],"curies":[{"name":"wp","href":"https:\/\/api.w.org\/{rel}","templated":true}]}}