{"id":24658,"date":"2015-03-06T11:22:02","date_gmt":"2015-03-06T16:22:02","guid":{"rendered":"http:\/\/www.ambiente.gob.ec\/?p=24658"},"modified":"2015-03-06T11:22:02","modified_gmt":"2015-03-06T16:22:02","slug":"mae-capacito-a-miembros-de-las-fuerzas-armadas-en-ibarra","status":"publish","type":"post","link":"https:\/\/www.ambienteyenergia.gob.ec\/ambiente\/mae-capacito-a-miembros-de-las-fuerzas-armadas-en-ibarra\/","title":{"rendered":"MAE capacit\u00f3 a miembros de las Fuerzas Armadas en Ibarra"},"content":{"rendered":"<p style=\"margin-bottom: 0cm;\" align=\"JUSTIFY\">En cumplimiento de los compromisos establecidos en la Nota Reversal firmada entre el Ministerio del Ambiente de Ecuador (MAE) y Ministerio de Defensa Nacional (MIDENA) el pasado 19 de mayo, se realiz\u00f3 un taller a miembros del Grupo de Caballer\u00eda Mecanizado N\u00b0 36 Yaguachi, de la ciudad de Ibarra.<\/p>\n<p style=\"margin-bottom: 0cm;\" align=\"JUSTIFY\">Con el objetivo de brindar asesor\u00eda y fortalecer capacidades t\u00e9cnicas, la Direcci\u00f3n Provincial del Ambiente de Imbabura capacit\u00f3 a 30 militares sobre Buenas Pr\u00e1cticas Ambientales, Regularizaci\u00f3n Ambiental, Seguridad Industrial y Manejo de Desechos S\u00f3lidos y Peligrosos.<\/p>\n<p style=\"margin-bottom: 0cm;\" align=\"JUSTIFY\">El Suboficial Justo Cahuana, reconoci\u00f3 la importancia de este trabajo que integra al Ejercito ecuatoriano en programas de educaci\u00f3n para una mejor gesti\u00f3n ambiental de los espacios utilizados por las Fuerzas Armadas. \u201cEs muy importante para nosotros conocer m\u00e1s sobre las normas y procedimientos que debemos cumplir, puesto que es una tarea conjunta el velar por la integridad de nuestro entorno natural desde nuestros hogares y lugares de trabajo\u201d.<\/p>\n<p style=\"margin-bottom: 0cm;\" align=\"JUSTIFY\">En Imbabura se prev\u00e9 realizar cuatro talleres de capacitaci\u00f3n en este a\u00f1o, con la finalidad de cumplir con los compromisos que buscan fortalecer las capacidades ambientales de todas las Fuerzas Armadas, que se integran al trabajo ambiental, que esta Cartera de Estado desarrolla a nivel nacional, como actores estrat\u00e9gicos.\/da-ds<\/p>\n<p style=\"margin-bottom: 0cm;\" align=\"JUSTIFY\"><strong>El Dato<\/strong><\/p>\n<p style=\"font-weight: normal;\" align=\"JUSTIFY\">La Nota Reversa contempla una serie de acuerdos conjuntos e individuales que cada una de las instituciones que suscribieron dicho documento deben cumplir. Entre ellos constan temas de inter\u00e9s nacional como:<\/p>\n<ul>\n<li>\n<p style=\"font-weight: normal;\" align=\"JUSTIFY\">Codificaci\u00f3n a la Ley Forestal y de Conservaci\u00f3n de \u00c1reas Naturales y Vida Silvestre, que establece que la<\/p>\n<\/li>\n<li>\n<p style=\"font-weight: normal;\" align=\"JUSTIFY\">Planificaci\u00f3n, manejo, desarrollo, administraci\u00f3n, protecci\u00f3n y control del patrimonio de \u00e1reas naturales del Estado,<\/p>\n<\/li>\n<\/ul>\n<p align=\"JUSTIFY\">El Ministerio del Ambiente brindar\u00e1 asesoramiento t\u00e9cnico en la regularizaci\u00f3n y manejo ambiental sostenible, a m\u00e1s de capacitar sobre tema ambientales a los miembros de las Fuerzas Armadas, de acuerdo a las necesidades institucionales, adem\u00e1s de la integraci\u00f3n de la tem\u00e1tica ambiental en el p\u00e9nsum de estudios de las escuelas de formaci\u00f3n.<\/p>\n","protected":false},"excerpt":{"rendered":"<p class=\"excerpt\">En cumplimiento de los compromisos establecidos en la Nota Reversal firmada entre el Ministerio del Ambiente de Ecuador (MAE) y Ministerio de Defensa Nacional (MIDENA) el pasado 19 de mayo, se realiz\u00f3 un taller a miembros del Grupo de Caballer\u00eda Mecanizado N\u00b0 36 Yaguachi, de la ciudad de Ibarra. Con el objetivo de brindar asesor\u00eda y fortalecer capacidades t\u00e9cnicas, la&hellip; <a href=\"https:\/\/www.ambienteyenergia.gob.ec\/ambiente\/mae-capacito-a-miembros-de-las-fuerzas-armadas-en-ibarra\/\">Read more &rarr;<\/a><\/p>\n","protected":false},"author":13,"featured_media":24659,"comment_status":"open","ping_status":"open","sticky":false,"template":"","format":"standard","meta":{"footnotes":""},"categories":[16,4],"tags":[],"class_list":["post-24658","post","type-post","status-publish","format-standard","has-post-thumbnail","hentry","category-comunicamos","category-noticias","xfolkentry"],"_links":{"self":[{"href":"https:\/\/www.ambienteyenergia.gob.ec\/ambiente\/wp-json\/wp\/v2\/posts\/24658","targetHints":{"allow":["GET"]}}],"collection":[{"href":"https:\/\/www.ambienteyenergia.gob.ec\/ambiente\/wp-json\/wp\/v2\/posts"}],"about":[{"href":"https:\/\/www.ambienteyenergia.gob.ec\/ambiente\/wp-json\/wp\/v2\/types\/post"}],"author":[{"embeddable":true,"href":"https:\/\/www.ambienteyenergia.gob.ec\/ambiente\/wp-json\/wp\/v2\/users\/13"}],"replies":[{"embeddable":true,"href":"https:\/\/www.ambienteyenergia.gob.ec\/ambiente\/wp-json\/wp\/v2\/comments?post=24658"}],"version-history":[{"count":0,"href":"https:\/\/www.ambienteyenergia.gob.ec\/ambiente\/wp-json\/wp\/v2\/posts\/24658\/revisions"}],"wp:featuredmedia":[{"embeddable":true,"href":"https:\/\/www.ambienteyenergia.gob.ec\/ambiente\/wp-json\/wp\/v2\/media\/24659"}],"wp:attachment":[{"href":"https:\/\/www.ambienteyenergia.gob.ec\/ambiente\/wp-json\/wp\/v2\/media?parent=24658"}],"wp:term":[{"taxonomy":"category","embeddable":true,"href":"https:\/\/www.ambienteyenergia.gob.ec\/ambiente\/wp-json\/wp\/v2\/categories?post=24658"},{"taxonomy":"post_tag","embeddable":true,"href":"https:\/\/www.ambienteyenergia.gob.ec\/ambiente\/wp-json\/wp\/v2\/tags?post=24658"}],"curies":[{"name":"wp","href":"https:\/\/api.w.org\/{rel}","templated":true}]}}