{"id":24654,"date":"2015-03-05T11:15:23","date_gmt":"2015-03-05T16:15:23","guid":{"rendered":"http:\/\/www.ambiente.gob.ec\/?p=24654"},"modified":"2015-03-06T11:27:35","modified_gmt":"2015-03-06T16:27:35","slug":"mae-impulsa-el-uso-de-ramos-alternativos","status":"publish","type":"post","link":"https:\/\/www.ambienteyenergia.gob.ec\/ambiente\/mae-impulsa-el-uso-de-ramos-alternativos\/","title":{"rendered":"MAE impulsa el uso de Ramos Alternativos"},"content":{"rendered":"<p>El Ministerio del Ambiente (MAE), como principal gestor ambiental de Ecuador, promueve desde hace cinco a\u00f1os la campa\u00f1a \u201cTradici\u00f3n y conservaci\u00f3n van de la mano\u201d, de esta manera queremos proponer a la ciudadan\u00eda equilibrar las costumbres religiosas como es el Domingo Ramos con el cuidado ambiental, a trav\u00e9s de alternativas de manejo sostenible y responsable de nuestros recursos.<\/p>\n<p style=\"text-align: justify;\">La Palma de Ramos es una planta de lento crecimiento. Su principal amenaza es la deforestaci\u00f3n masiva de los bosques andinos, en especial en estas fechas religiosas. El descenso de sus poblaciones es causado por el m\u00e9todo inadecuado que se utiliza para su recolecci\u00f3n.<\/p>\n<p style=\"text-align: justify;\">La desaparici\u00f3n de la Palma de Cera implicar\u00eda la extinci\u00f3n del Loro Orejiamarillo y el Perico Cachetidorado. La relaci\u00f3n aves &#8211; Palma es fundamental, pues esta planta es su principal sitio de anidaci\u00f3n y fuente de alimento.<\/p>\n<p style=\"text-align: justify;\">La propuesta, es elaborar ramos alternativos con diferentes plantas como romero, array\u00e1n, manzanilla, hojas y flores de ma\u00edz, totora, espigas de trigo y cebada, sigse, paja, cipr\u00e9s y laurel, entre otras. El uso de estas especies es recomendable porque su crecimiento y dispersi\u00f3n es m\u00e1s r\u00e1pido comparado con la Palma de Ramos.<\/p>\n<p style=\"text-align: justify;\"><strong>Acciones con la comunidad<\/strong><\/p>\n<p style=\"text-align: justify;\">Con el objetivo de sensibilizar a la comunidad cristiana cat\u00f3lica y a la sociedad en general sobre la importancia de conservar la Palma, el Ministerio del Ambiente conjuntamente con Quito Turismo realizaran diferentes acciones de sensibilizaci\u00f3n sobre el tema.<\/p>\n<p style=\"text-align: justify;\">Las actividades inician desde este viernes 6 de marzo en el Jard\u00edn Bot\u00e1nico de Quito (Pasaje Nro. 34, Rumipamba E6-264 y Av Shirys, Interior Parque La Carolina.), en el que se dar\u00e1n cita un grupo de artesanos que trabajan en la elaboraci\u00f3n de estos ramos y compartir\u00e1n entre s\u00ed diferentes t\u00e9cnicas para su elaboraci\u00f3n. El encuentro se realizar\u00e1 de 9:30 a 12:00.<\/p>\n<p style=\"text-align: justify;\"><strong>Datos importantes<\/strong><\/p>\n<ul style=\"text-align: justify;\">\n<li>Las palmas utilizadas en la tradici\u00f3n religiosa del Domingo de Ramos pertenecen principalmente al g\u00e9nero <em>Ceroxylon<\/em>, conocidas com\u00fanmente como \u201c<strong><em>Palma de Cera o Palma de Ramos\u201d.<\/em><\/strong><\/li>\n<li>Las Palmas de Cera proveen alimento y refugio a varias especies silvestres de los bosques de Ecuador.<\/li>\n<li>En Ecuador existen 7 especies de Palmas de Cera: <em>Ceroxylon amazonicum, C. echinulatum, C. parvifrons, C. parvum, C. ventricosum, C. vogelianum.<\/em><\/li>\n<li>La <em>Ceroxylon amazonicum y C. echinulatum<\/em> son plantas end\u00e9micas de Ecuador.<\/li>\n<\/ul>\n","protected":false},"excerpt":{"rendered":"<p class=\"excerpt\">El Ministerio del Ambiente (MAE), como principal gestor ambiental de Ecuador, promueve desde hace cinco a\u00f1os la campa\u00f1a \u201cTradici\u00f3n y conservaci\u00f3n van de la mano\u201d, de esta manera queremos proponer a la ciudadan\u00eda equilibrar las costumbres religiosas como es el Domingo Ramos con el cuidado ambiental, a trav\u00e9s de alternativas de manejo sostenible y responsable de nuestros recursos. La Palma&hellip; <a href=\"https:\/\/www.ambienteyenergia.gob.ec\/ambiente\/mae-impulsa-el-uso-de-ramos-alternativos\/\">Read more &rarr;<\/a><\/p>\n","protected":false},"author":13,"featured_media":24655,"comment_status":"open","ping_status":"open","sticky":false,"template":"","format":"standard","meta":{"footnotes":""},"categories":[16,4],"tags":[],"class_list":["post-24654","post","type-post","status-publish","format-standard","has-post-thumbnail","hentry","category-comunicamos","category-noticias","xfolkentry"],"_links":{"self":[{"href":"https:\/\/www.ambienteyenergia.gob.ec\/ambiente\/wp-json\/wp\/v2\/posts\/24654","targetHints":{"allow":["GET"]}}],"collection":[{"href":"https:\/\/www.ambienteyenergia.gob.ec\/ambiente\/wp-json\/wp\/v2\/posts"}],"about":[{"href":"https:\/\/www.ambienteyenergia.gob.ec\/ambiente\/wp-json\/wp\/v2\/types\/post"}],"author":[{"embeddable":true,"href":"https:\/\/www.ambienteyenergia.gob.ec\/ambiente\/wp-json\/wp\/v2\/users\/13"}],"replies":[{"embeddable":true,"href":"https:\/\/www.ambienteyenergia.gob.ec\/ambiente\/wp-json\/wp\/v2\/comments?post=24654"}],"version-history":[{"count":0,"href":"https:\/\/www.ambienteyenergia.gob.ec\/ambiente\/wp-json\/wp\/v2\/posts\/24654\/revisions"}],"wp:featuredmedia":[{"embeddable":true,"href":"https:\/\/www.ambienteyenergia.gob.ec\/ambiente\/wp-json\/wp\/v2\/media\/24655"}],"wp:attachment":[{"href":"https:\/\/www.ambienteyenergia.gob.ec\/ambiente\/wp-json\/wp\/v2\/media?parent=24654"}],"wp:term":[{"taxonomy":"category","embeddable":true,"href":"https:\/\/www.ambienteyenergia.gob.ec\/ambiente\/wp-json\/wp\/v2\/categories?post=24654"},{"taxonomy":"post_tag","embeddable":true,"href":"https:\/\/www.ambienteyenergia.gob.ec\/ambiente\/wp-json\/wp\/v2\/tags?post=24654"}],"curies":[{"name":"wp","href":"https:\/\/api.w.org\/{rel}","templated":true}]}}