{"id":24651,"date":"2015-03-06T08:24:11","date_gmt":"2015-03-06T13:24:11","guid":{"rendered":"http:\/\/www.ambiente.gob.ec\/?p=24651"},"modified":"2015-03-06T08:24:11","modified_gmt":"2015-03-06T13:24:11","slug":"el-mae-libero-a-un-olinguito-en-los-bosques-nublados-de-tandayapa","status":"publish","type":"post","link":"https:\/\/www.ambienteyenergia.gob.ec\/ambiente\/el-mae-libero-a-un-olinguito-en-los-bosques-nublados-de-tandayapa\/","title":{"rendered":"El MAE liber\u00f3 a un olinguito en los bosques nublados de Tandayapa"},"content":{"rendered":"<p style=\"text-align: justify;\">En los bosques nublados de Tandayapa al Noroccidente de Quito en el cant\u00f3n San Miguel de los Bancos, se realiz\u00f3 la liberaci\u00f3n de un olinguito (Bassaricyon neblina) en la noche de este mi\u00e9rcoles 4 de marzo del 2015.<\/p>\n<p style=\"text-align: justify;\">El ejemplar fue rescatado a mediados de agosto del 2014, gracias a la intervenci\u00f3n y pronta denuncia del ciudadano Brandon Barros que lo encontr\u00f3 en el mercado de Salcedo, provincia de Cotopaxi. El Ministerio del Ambiente (MAE) a trav\u00e9s de la Direcci\u00f3n Provincial traslad\u00f3 al olinguito al hospital veterinario de la Universidad San Francisco de Quito (USFQ).<\/p>\n<p style=\"text-align: justify;\">El esp\u00e9cimen fue ingresado en condiciones de desnutrici\u00f3n y deshidrataci\u00f3n. Carolina S\u00e1enz, representante de la USFQ y el Fondo de Ayuda a la Fauna Silvestre TUERI, se encarg\u00f3 de los cuidados b\u00e1sicos y los ex\u00e1menes m\u00e9dicos necesarios para que el olinguito se encuentre en condiciones de ser liberado, explic\u00f3 que: \u201cAl final le realizamos ex\u00e1menes para verificar que est\u00e9 totalmente sano para que pueda ser integrarse a su habitad\u201d.<\/p>\n<p style=\"text-align: justify;\">El olinguito es un mam\u00edfero omn\u00edvoro, arbor\u00edcola de h\u00e1bitos nocturnos que habita en los bosques nublados de los Andes ecuatorianos, por lo que el bosque nublado de Tandayapa fue el lugar propicio para su liberaci\u00f3n. Un equipo integrado por personal del Ministerio del Ambiente, de la Universidad San Francisco de Quito y gu\u00edas de la Reserva Bellavista realizaron un recorrido nocturno para adentrarse en el bosque, lejos de la presencia de seres humanos u otras amenazas directas del esp\u00e9cimen.<\/p>\n<p style=\"text-align: justify;\">Despu\u00e9s de una larga caminata, a la luz de las linternas el olinguito juvenil fue liberado. Cauteloso, explor\u00f3 y subi\u00f3 a la rama del \u00e1rbol m\u00e1s cercano hasta que se perdi\u00f3 de los presentes. Yolanda Gualoto, t\u00e9cnica del Ministerio del Ambiente afirm\u00f3: \u201cEl trabajo conjunto del MAE con la USFQ e instituciones privadas permiten que la normativa pueda ser aplicada y se proceda con liberaciones exitosas como esta\u201d.<\/p>\n<p style=\"text-align: justify;\">\n","protected":false},"excerpt":{"rendered":"<p class=\"excerpt\">En los bosques nublados de Tandayapa al Noroccidente de Quito en el cant\u00f3n San Miguel de los Bancos, se realiz\u00f3 la liberaci\u00f3n de un olinguito (Bassaricyon neblina) en la noche de este mi\u00e9rcoles 4 de marzo del 2015. El ejemplar fue rescatado a mediados de agosto del 2014, gracias a la intervenci\u00f3n y pronta denuncia del ciudadano Brandon Barros que&hellip; <a href=\"https:\/\/www.ambienteyenergia.gob.ec\/ambiente\/el-mae-libero-a-un-olinguito-en-los-bosques-nublados-de-tandayapa\/\">Read more &rarr;<\/a><\/p>\n","protected":false},"author":13,"featured_media":24652,"comment_status":"open","ping_status":"open","sticky":false,"template":"","format":"standard","meta":{"footnotes":""},"categories":[16,4],"tags":[],"class_list":["post-24651","post","type-post","status-publish","format-standard","has-post-thumbnail","hentry","category-comunicamos","category-noticias","xfolkentry"],"_links":{"self":[{"href":"https:\/\/www.ambienteyenergia.gob.ec\/ambiente\/wp-json\/wp\/v2\/posts\/24651","targetHints":{"allow":["GET"]}}],"collection":[{"href":"https:\/\/www.ambienteyenergia.gob.ec\/ambiente\/wp-json\/wp\/v2\/posts"}],"about":[{"href":"https:\/\/www.ambienteyenergia.gob.ec\/ambiente\/wp-json\/wp\/v2\/types\/post"}],"author":[{"embeddable":true,"href":"https:\/\/www.ambienteyenergia.gob.ec\/ambiente\/wp-json\/wp\/v2\/users\/13"}],"replies":[{"embeddable":true,"href":"https:\/\/www.ambienteyenergia.gob.ec\/ambiente\/wp-json\/wp\/v2\/comments?post=24651"}],"version-history":[{"count":0,"href":"https:\/\/www.ambienteyenergia.gob.ec\/ambiente\/wp-json\/wp\/v2\/posts\/24651\/revisions"}],"wp:featuredmedia":[{"embeddable":true,"href":"https:\/\/www.ambienteyenergia.gob.ec\/ambiente\/wp-json\/wp\/v2\/media\/24652"}],"wp:attachment":[{"href":"https:\/\/www.ambienteyenergia.gob.ec\/ambiente\/wp-json\/wp\/v2\/media?parent=24651"}],"wp:term":[{"taxonomy":"category","embeddable":true,"href":"https:\/\/www.ambienteyenergia.gob.ec\/ambiente\/wp-json\/wp\/v2\/categories?post=24651"},{"taxonomy":"post_tag","embeddable":true,"href":"https:\/\/www.ambienteyenergia.gob.ec\/ambiente\/wp-json\/wp\/v2\/tags?post=24651"}],"curies":[{"name":"wp","href":"https:\/\/api.w.org\/{rel}","templated":true}]}}