{"id":24649,"date":"2015-03-06T08:02:20","date_gmt":"2015-03-06T13:02:20","guid":{"rendered":"http:\/\/www.ambiente.gob.ec\/?p=24649"},"modified":"2015-03-06T08:02:20","modified_gmt":"2015-03-06T13:02:20","slug":"hitos-subsecretaria-de-calidad-ambiental","status":"publish","type":"post","link":"https:\/\/www.ambienteyenergia.gob.ec\/ambiente\/hitos-subsecretaria-de-calidad-ambiental\/","title":{"rendered":"Hitos Subsecretar\u00eda de Calidad Ambiental"},"content":{"rendered":"<p style=\"text-align: justify;\">El 2014 se convirti\u00f3 en un a\u00f1o hist\u00f3rico para el Ecuador en materia ambiental; posicion\u00e1ndose como un ejemplo a nivel mundial por sus iniciativas de conservaci\u00f3n del medio ambiente.<\/p>\n<p style=\"text-align: justify;\">Uno de los logros obtenidos por el Ministerio del Ambiente, a trav\u00e9s de la Subsecretaria de Calidad Ambiental fue el manejo del Sistema de Contabilidad Ambiental Nacional (SCAN), siendo el Ecuador el tercer pa\u00eds en el mundo en contar con este tipo de mecanismo.<\/p>\n<p style=\"text-align: justify;\">El SCAN permite una vinculaci\u00f3n entre el ambiente y la econom\u00eda, facilitando la planificaci\u00f3n, el an\u00e1lisis y dise\u00f1o de pol\u00edticas ambientales para la conservaci\u00f3n, recuperaci\u00f3n, sustituci\u00f3n y protecci\u00f3n de los recursos naturales; para adoptar un modelo de desarrollo sostenible, ambientalmente equilibrado y respetuoso de la diversidad cultural, que conserve la biodiversidad y la capacidad de regeneraci\u00f3n natural de los ecosistemas y asegure la satisfacci\u00f3n de la necesidad de generaciones presentes y futuras.<\/p>\n<p style=\"text-align: justify;\">En este sentido, la econom\u00eda del Ecuador muestra niveles de crecimiento econ\u00f3mico, con un uso menor del petr\u00f3leo, gas natural y madera; y con mayor productividad en su uso.<\/p>\n<p style=\"text-align: justify;\">Adem\u00e1s, se ha mejorado considerablemente el servicio de licenciamiento ambiental; antes el tr\u00e1mite de licenciamiento se realizaba de forma manual y los procesos no ten\u00edan un tiempo determinado para obtener los licenciamientos, actualmente los tiempos para obtener este tr\u00e1mite se ha reducido significativamente.<\/p>\n<p style=\"text-align: justify;\">Mediante el fortalecimiento del Sistema \u00danico de Informaci\u00f3n Ambiental (SUIA), el MAE ha trabajado en la agilidad y transparencia en el proceso de licenciamiento, a trav\u00e9s de esta herramienta digital. Al mismo tiempo se ha obtenido mayor eficiencia en el control de cumplimiento de los planes de manejo y en la atenci\u00f3n de las denuncias ciudadanas.<\/p>\n<p style=\"text-align: justify;\">Por otro lado, el MAE activo Buenas Pr\u00e1cticas Ambientales en el sector productivo del pa\u00eds, mediante su iniciativa Punto Verde, dise\u00f1ada con el objetivo de promover en el sector p\u00fablico y privado la implementaci\u00f3n de nuevas y mejores pr\u00e1cticas productivas y de servicios, con una visi\u00f3n ambientalista.<\/p>\n<p style=\"text-align: justify;\">En el 2014 el Ministerio del Ambiente otorg\u00f3 el Reconocimiento Ecuatoriano Ambiental \u201cPunto Verde\u201d a cuatro instituciones que cumplieron con los requerimientos necesarios, se trata de: la Polic\u00eda Nacional, Coorporaci\u00f3n GPF. Banco ProCredit y Ministerio del Interior.<\/p>\n<p style=\"text-align: justify;\">Los resultados obtenidos por Buenas Pr\u00e1cticas Ambientales se reflejan en el ahorro de 28 millones de Kilowatts entre 2012 y 2014 de 40 empresas, lo que equivale al consumo de electricidad en Riobamba por un a\u00f1o. Adem\u00e1s, entre 2012 y 2014 las empresas con Certificaci\u00f3n Punto Verde ahorraron 19 millones de metros c\u00fabicos de agua, cantidad que abastecer\u00eda a una ciudad como Quevedo durante un a\u00f1o. A esto se suma el ahorro de $180\u2019804.304,00 de d\u00f3lares en el consumo de combustible.<\/p>\n<p style=\"text-align: justify;\">\nPara el 2015 el Ministerio del Ambiente proyecta implementar un programa de incentivos econ\u00f3micos y no econ\u00f3micos para las empresas ecuatorianas; donde por medio de una escala jer\u00e1rquica que debe ser justificada por sus ahorros y buenas pr\u00e1cticas ambientales (previo a su licencia ambiental) podr\u00e1n obtener estos incentivos en los que se visibilizan:<\/p>\n<p style=\"text-align: justify;\">\u2022 1% menos de la tasa m\u00e1s baja de CFN<br \/>\n\u2022 10% de no pago de Impuesta a la renta<br \/>\n\u2022 Creaci\u00f3n de Barrios\/Comunidades Verdes<br \/>\n\u2022 Activaci\u00f3n de los agentes verdes<br \/>\n\u2022 Perchas especiales para los productos que en su etiqueta tenga punto verde<br \/>\nEsta Cartera de Estado se compromete este a\u00f1o en continuar y fortalecer el trabajo realizado en el 2014 y de implementar nuevos proyectos e iniciativas en miras de construir un Ecuador m\u00e1s Verde. \/\/MH<\/p>\n","protected":false},"excerpt":{"rendered":"<p class=\"excerpt\">El 2014 se convirti\u00f3 en un a\u00f1o hist\u00f3rico para el Ecuador en materia ambiental; posicion\u00e1ndose como un ejemplo a nivel mundial por sus iniciativas de conservaci\u00f3n del medio ambiente. Uno de los logros obtenidos por el Ministerio del Ambiente, a trav\u00e9s de la Subsecretaria de Calidad Ambiental fue el manejo del Sistema de Contabilidad Ambiental Nacional (SCAN), siendo el Ecuador&hellip; <a href=\"https:\/\/www.ambienteyenergia.gob.ec\/ambiente\/hitos-subsecretaria-de-calidad-ambiental\/\">Read more &rarr;<\/a><\/p>\n","protected":false},"author":13,"featured_media":23214,"comment_status":"open","ping_status":"open","sticky":false,"template":"","format":"standard","meta":{"footnotes":""},"categories":[16,4],"tags":[],"class_list":["post-24649","post","type-post","status-publish","format-standard","has-post-thumbnail","hentry","category-comunicamos","category-noticias","xfolkentry"],"_links":{"self":[{"href":"https:\/\/www.ambienteyenergia.gob.ec\/ambiente\/wp-json\/wp\/v2\/posts\/24649","targetHints":{"allow":["GET"]}}],"collection":[{"href":"https:\/\/www.ambienteyenergia.gob.ec\/ambiente\/wp-json\/wp\/v2\/posts"}],"about":[{"href":"https:\/\/www.ambienteyenergia.gob.ec\/ambiente\/wp-json\/wp\/v2\/types\/post"}],"author":[{"embeddable":true,"href":"https:\/\/www.ambienteyenergia.gob.ec\/ambiente\/wp-json\/wp\/v2\/users\/13"}],"replies":[{"embeddable":true,"href":"https:\/\/www.ambienteyenergia.gob.ec\/ambiente\/wp-json\/wp\/v2\/comments?post=24649"}],"version-history":[{"count":0,"href":"https:\/\/www.ambienteyenergia.gob.ec\/ambiente\/wp-json\/wp\/v2\/posts\/24649\/revisions"}],"wp:featuredmedia":[{"embeddable":true,"href":"https:\/\/www.ambienteyenergia.gob.ec\/ambiente\/wp-json\/wp\/v2\/media\/23214"}],"wp:attachment":[{"href":"https:\/\/www.ambienteyenergia.gob.ec\/ambiente\/wp-json\/wp\/v2\/media?parent=24649"}],"wp:term":[{"taxonomy":"category","embeddable":true,"href":"https:\/\/www.ambienteyenergia.gob.ec\/ambiente\/wp-json\/wp\/v2\/categories?post=24649"},{"taxonomy":"post_tag","embeddable":true,"href":"https:\/\/www.ambienteyenergia.gob.ec\/ambiente\/wp-json\/wp\/v2\/tags?post=24649"}],"curies":[{"name":"wp","href":"https:\/\/api.w.org\/{rel}","templated":true}]}}