{"id":24645,"date":"2015-03-05T16:03:09","date_gmt":"2015-03-05T21:03:09","guid":{"rendered":"http:\/\/www.ambiente.gob.ec\/?p=24645"},"modified":"2015-03-05T16:03:09","modified_gmt":"2015-03-05T21:03:09","slug":"1786-neumaticos-fuera-de-uso-retirados-de-imbabura","status":"publish","type":"post","link":"https:\/\/www.ambienteyenergia.gob.ec\/ambiente\/1786-neumaticos-fuera-de-uso-retirados-de-imbabura\/","title":{"rendered":"1786 neum\u00e1ticos fuera de uso  retirados de Imbabura"},"content":{"rendered":"<p style=\"margin-bottom: 0cm;\">Como parte de la campa\u00f1a Por un Ecuador Verde, en el marco de la conmemoraci\u00f3n del D\u00eda Mundial del Reciclador, el Ministerio del Ambiente, a trav\u00e9s de la Unidad de Calidad Ambiental realiz\u00f3 una jornada de limpieza de Neum\u00e1ticos Fuera de Uso (NFU) en Imbabura.<\/p>\n<p style=\"margin-bottom: 0cm;\" align=\"JUSTIFY\">Ciudadanos de seis cantones participaron de este evento que inici\u00f3 en los diferentes puntos de acopio de la provincia para colaborar con el pa\u00eds y el planeta. Esto evidenci\u00f3 el alto grado de sensibilizaci\u00f3n de los imbabure\u00f1os hacia la protecci\u00f3n del ambiente.<\/p>\n<p style=\"margin-bottom: 0cm;\" align=\"JUSTIFY\">La uni\u00f3n de empresas privadas, instituciones p\u00fablicas y educativas, adem\u00e1s de la consciencia por el cuidado de la naturaleza fue la ecuaci\u00f3n perfecta para superar las expectativas generadas por la campa\u00f1a, pues, se sobrepas\u00f3 el n\u00famero de neum\u00e1ticos recolectados en el a\u00f1o 2014.<\/p>\n<p style=\"margin-bottom: 0cm;\" align=\"JUSTIFY\"><span style=\"font-weight: normal;\">Como resultado de esta campa\u00f1a se logr\u00f3 recolectar, en un d\u00eda, un<\/span> total de 1 786 neum\u00e1ticos fuera de uso; adicionalmente se recogieron 38 kilogramos de cart\u00f3n y 2,3 de papel sin clasificar.<\/p>\n<p style=\"margin-bottom: 0cm;\" align=\"JUSTIFY\">En esta ocasi\u00f3n tambi\u00e9n se efectuaron reconocimientos a quienes contribuyeron con este logro para el ambiente. De igual manera se recibi\u00f3 por parte de Bormam Hern\u00e1ndez, Director General de la Federaci\u00f3n Ambiental Internacional \u2013 Sede Ecuador, una placa por la labor que efect\u00faa esta Cartera de Estado.<\/p>\n<p style=\"margin-bottom: 0cm;\" align=\"JUSTIFY\">Adem\u00e1s se entreg\u00f3 la primera Licencia Ambiental a la Planta Industrial de Lafarge Cementos S.A. para el coprocesamiento de Desechos Peligrosos en Imbabura, con la presencia de Patricio D\u00edaz, Gerente de Ecolog\u00eda Industrial.<\/p>\n<p style=\"margin-bottom: 0cm;\" align=\"JUSTIFY\">Esta Cartera de Estado realizar\u00e1 los tr\u00e1mites respectivos y coordinar\u00e1 la gesti\u00f3n con el Programa Nacional para la Gesti\u00f3n Integral de Desechos S\u00f3lidos (PNGIDS) para trasladar los neum\u00e1ticos hacia una industria especializada para obtener materia prima y as\u00ed elaborar otros productos.\/da-ds<\/p>\n","protected":false},"excerpt":{"rendered":"<p class=\"excerpt\">Como parte de la campa\u00f1a Por un Ecuador Verde, en el marco de la conmemoraci\u00f3n del D\u00eda Mundial del Reciclador, el Ministerio del Ambiente, a trav\u00e9s de la Unidad de Calidad Ambiental realiz\u00f3 una jornada de limpieza de Neum\u00e1ticos Fuera de Uso (NFU) en Imbabura. Ciudadanos de seis cantones participaron de este evento que inici\u00f3 en los diferentes puntos de&hellip; <a href=\"https:\/\/www.ambienteyenergia.gob.ec\/ambiente\/1786-neumaticos-fuera-de-uso-retirados-de-imbabura\/\">Read more &rarr;<\/a><\/p>\n","protected":false},"author":13,"featured_media":24647,"comment_status":"open","ping_status":"open","sticky":false,"template":"","format":"standard","meta":{"footnotes":""},"categories":[16,4],"tags":[],"class_list":["post-24645","post","type-post","status-publish","format-standard","has-post-thumbnail","hentry","category-comunicamos","category-noticias","xfolkentry"],"_links":{"self":[{"href":"https:\/\/www.ambienteyenergia.gob.ec\/ambiente\/wp-json\/wp\/v2\/posts\/24645","targetHints":{"allow":["GET"]}}],"collection":[{"href":"https:\/\/www.ambienteyenergia.gob.ec\/ambiente\/wp-json\/wp\/v2\/posts"}],"about":[{"href":"https:\/\/www.ambienteyenergia.gob.ec\/ambiente\/wp-json\/wp\/v2\/types\/post"}],"author":[{"embeddable":true,"href":"https:\/\/www.ambienteyenergia.gob.ec\/ambiente\/wp-json\/wp\/v2\/users\/13"}],"replies":[{"embeddable":true,"href":"https:\/\/www.ambienteyenergia.gob.ec\/ambiente\/wp-json\/wp\/v2\/comments?post=24645"}],"version-history":[{"count":0,"href":"https:\/\/www.ambienteyenergia.gob.ec\/ambiente\/wp-json\/wp\/v2\/posts\/24645\/revisions"}],"wp:featuredmedia":[{"embeddable":true,"href":"https:\/\/www.ambienteyenergia.gob.ec\/ambiente\/wp-json\/wp\/v2\/media\/24647"}],"wp:attachment":[{"href":"https:\/\/www.ambienteyenergia.gob.ec\/ambiente\/wp-json\/wp\/v2\/media?parent=24645"}],"wp:term":[{"taxonomy":"category","embeddable":true,"href":"https:\/\/www.ambienteyenergia.gob.ec\/ambiente\/wp-json\/wp\/v2\/categories?post=24645"},{"taxonomy":"post_tag","embeddable":true,"href":"https:\/\/www.ambienteyenergia.gob.ec\/ambiente\/wp-json\/wp\/v2\/tags?post=24645"}],"curies":[{"name":"wp","href":"https:\/\/api.w.org\/{rel}","templated":true}]}}