{"id":24636,"date":"2015-03-05T11:50:59","date_gmt":"2015-03-05T16:50:59","guid":{"rendered":"http:\/\/www.ambiente.gob.ec\/?p=24636"},"modified":"2015-03-05T11:50:59","modified_gmt":"2015-03-05T16:50:59","slug":"yasuni-celebro-el-dia-mundial-de-la-vida-silvestre","status":"publish","type":"post","link":"https:\/\/www.ambienteyenergia.gob.ec\/ambiente\/yasuni-celebro-el-dia-mundial-de-la-vida-silvestre\/","title":{"rendered":"Yasun\u00ed celebr\u00f3 el D\u00eda Mundial de la Vida Silvestre"},"content":{"rendered":"<p style=\"text-align: justify;\">Con el objetivo de conmemorar el D\u00eda Mundial de la Vida Silvestre, la Direcci\u00f3n Provincial del Ambiente de Orellana, por medio de la jefatura del Parque Nacional Yasun\u00ed y el Gobierno Aut\u00f3nomo Municipal de Francisco de Orellana, realizaron un evento llamado \u201cExperiencias de Investigaci\u00f3n Cient\u00edfica en el Parque Nacional Yasun\u00ed\u201d al que asistieron 230 estudiantes de tercer a\u00f1o de Bachillerato de la ciudad del Coca.<\/p>\n<p style=\"text-align: justify;\">Los centros educativos participantes fueron Amazonas, Narcisa de Jes\u00fas, San Francisco, Padre Miguel Gamboa, Dayuma, Ciudad del Coca, V\u00edctor Ron, Julio C\u00e9sar Sanmiguel y Leopoldo Ben\u00edtez.<\/p>\n<p style=\"text-align: justify;\">El evento de difusi\u00f3n cient\u00edfica, cont\u00f3 con la participaci\u00f3n de especialistas como: David Romo, de la Estaci\u00f3n Cient\u00edfica Tiputini de la Universidad San Francisco de Quito; Paulina Dalgo, de la Wildlife Conservation Society (WCS); Rafael Arias, de Coca Zoo, y Jos\u00e9 Narv\u00e1ez, jefe del \u00e1rea protegida.<\/p>\n<p style=\"text-align: justify;\">Los expositores centraron sus charlas en temas relacionados con la conservaci\u00f3n de los ecosistemas y la importancia de que la sociedad los proteja en t\u00e9rminos ambientales, sociales, culturales, biol\u00f3gicos y econ\u00f3micos.<\/p>\n<p style=\"text-align: justify;\">En este marco, tambi\u00e9n se explic\u00f3 el funcionamiento de los programas de investigaci\u00f3n y conservaci\u00f3n que el Parque Nacional Yasun\u00ed manejado a trav\u00e9s de la colocaci\u00f3n de c\u00e1maras trampa a lo largo del camino ecol\u00f3gico, ubicado dentro del Bloque 31, operado por Petroamazonas.<\/p>\n<p style=\"text-align: justify;\">Al momento se encuentran colocadas 19 c\u00e1maras trampa en lugares estrat\u00e9gicos de la v\u00eda, con el objetivo de monitorear el comportamiento de las especies animales del lugar y su desenvolvimiento en los pasos deprimidos y puentes de dosel existentes all\u00ed. As\u00ed, en este espacio de proyectaron videos captados en las 500 hect\u00e1reas que rodean a la Estaci\u00f3n Cient\u00edfica Tiputini, entre los que se pudo observar a especies como jaguares, perezosos gigantes, monos ara\u00f1a y guanganas, entre otros.<\/p>\n<p style=\"text-align: justify;\">Hasta el momento los resultados han indicado que la fauna se ha adaptado a las salvaguardas ambientales, por lo que se destaca que el trabajo realizado por el Ministerio del Ambiente en la zona de explotaci\u00f3n ha sido exitoso.<\/p>\n<p style=\"text-align: justify;\">Por su parte, Paulina Dalgo representante de Wildlife Conservation Society (WCS), rescat\u00f3 la labor que esta organizaci\u00f3n realiza en todas partes del mundo, incluyendo a Ecuador y al Yasun\u00ed. Los esfuerzos de la WCS se han centrado espec\u00edficamente en el trabajo de conservaci\u00f3n de especies \u00edcono del Yasun\u00ed, como el caim\u00e1n negro, la nutria gigante, el jaguar, el pecar\u00ed de labios blancos y el tapir.<\/p>\n<p style=\"text-align: justify;\">El Ministerio del Ambiente a trav\u00e9s del Equipo T\u00e9cnico del Parque Nacional Yasun\u00ed continuar\u00e1 con la difusi\u00f3n de las investigaciones cient\u00edficas y experiencias obtenidas dentro del \u00c1rea Protegida; como un mecanismo para socializar los trabajos realizados en beneficio de la naturaleza y al mismo tiempo concienciar a la ciudadan\u00eda en la importancia de trabajar conjuntamente con la Autoridad Ambiental en la construcci\u00f3n de un Ecuador m\u00e1s Verde. \/\/MH<\/p>\n","protected":false},"excerpt":{"rendered":"<p class=\"excerpt\">Con el objetivo de conmemorar el D\u00eda Mundial de la Vida Silvestre, la Direcci\u00f3n Provincial del Ambiente de Orellana, por medio de la jefatura del Parque Nacional Yasun\u00ed y el Gobierno Aut\u00f3nomo Municipal de Francisco de Orellana, realizaron un evento llamado \u201cExperiencias de Investigaci\u00f3n Cient\u00edfica en el Parque Nacional Yasun\u00ed\u201d al que asistieron 230 estudiantes de tercer a\u00f1o de Bachillerato&hellip; <a href=\"https:\/\/www.ambienteyenergia.gob.ec\/ambiente\/yasuni-celebro-el-dia-mundial-de-la-vida-silvestre\/\">Read more &rarr;<\/a><\/p>\n","protected":false},"author":13,"featured_media":24637,"comment_status":"open","ping_status":"open","sticky":false,"template":"","format":"standard","meta":{"footnotes":""},"categories":[16,4],"tags":[],"class_list":["post-24636","post","type-post","status-publish","format-standard","has-post-thumbnail","hentry","category-comunicamos","category-noticias","xfolkentry"],"_links":{"self":[{"href":"https:\/\/www.ambienteyenergia.gob.ec\/ambiente\/wp-json\/wp\/v2\/posts\/24636","targetHints":{"allow":["GET"]}}],"collection":[{"href":"https:\/\/www.ambienteyenergia.gob.ec\/ambiente\/wp-json\/wp\/v2\/posts"}],"about":[{"href":"https:\/\/www.ambienteyenergia.gob.ec\/ambiente\/wp-json\/wp\/v2\/types\/post"}],"author":[{"embeddable":true,"href":"https:\/\/www.ambienteyenergia.gob.ec\/ambiente\/wp-json\/wp\/v2\/users\/13"}],"replies":[{"embeddable":true,"href":"https:\/\/www.ambienteyenergia.gob.ec\/ambiente\/wp-json\/wp\/v2\/comments?post=24636"}],"version-history":[{"count":0,"href":"https:\/\/www.ambienteyenergia.gob.ec\/ambiente\/wp-json\/wp\/v2\/posts\/24636\/revisions"}],"wp:featuredmedia":[{"embeddable":true,"href":"https:\/\/www.ambienteyenergia.gob.ec\/ambiente\/wp-json\/wp\/v2\/media\/24637"}],"wp:attachment":[{"href":"https:\/\/www.ambienteyenergia.gob.ec\/ambiente\/wp-json\/wp\/v2\/media?parent=24636"}],"wp:term":[{"taxonomy":"category","embeddable":true,"href":"https:\/\/www.ambienteyenergia.gob.ec\/ambiente\/wp-json\/wp\/v2\/categories?post=24636"},{"taxonomy":"post_tag","embeddable":true,"href":"https:\/\/www.ambienteyenergia.gob.ec\/ambiente\/wp-json\/wp\/v2\/tags?post=24636"}],"curies":[{"name":"wp","href":"https:\/\/api.w.org\/{rel}","templated":true}]}}