{"id":24632,"date":"2015-03-05T10:50:46","date_gmt":"2015-03-05T15:50:46","guid":{"rendered":"http:\/\/www.ambiente.gob.ec\/?p=24632"},"modified":"2022-07-28T16:38:57","modified_gmt":"2022-07-28T21:38:57","slug":"conozca-la-guia-informativa-de-areas-naturales-protegidas-del-ecuador","status":"publish","type":"post","link":"https:\/\/www.ambienteyenergia.gob.ec\/ambiente\/conozca-la-guia-informativa-de-areas-naturales-protegidas-del-ecuador\/","title":{"rendered":"Conozca la Gu\u00eda Informativa de \u00c1reas Naturales Protegidas del Ecuador"},"content":{"rendered":"<p>Un interesante libro de 270 p\u00e1ginas, ayudar\u00e1 a ciudadanos del mundo entero conocer las 50 reservas, parques nacionales, refugios y \u00e1reas de recreaci\u00f3n que conforman el Sistema Nacional de \u00c1reas Protegidas del Ecuador.<\/p>\n<p>Se trata de la Gu\u00eda Informativa de \u00c1reas Protegidas del Ecuador, que usted lo puede conocer a trav\u00e9s de la web.<\/p>\n<p>\u201cCon esta Gu\u00eda Informativa incentivamos a que turistas nacionales y extranjeros visiten nuestras \u00e1reas protegidas; y esta vez de una forma diferente, porque ellos sabr\u00e1n c\u00f3mo llegar al sitio, cuales son las actividades que podr\u00e1n realizar en cada una de ellas e incluso recomendaciones b\u00e1sicas de seguridad\u201d se\u00f1al\u00f3 Lorena Tapia N\u00fa\u00f1ez, Ministra del Ambiente<\/p>\n<p>La Gu\u00eda Informativa est\u00e1 dividida por regiones: Costa, Sierra, Amazon\u00eda y Regi\u00f3n Insular; y en cada una de sus p\u00e1ginas podr\u00e1 observar diversas fotograf\u00edas de estos paisajes. Adem\u00e1s, de informaci\u00f3n de gran utilidad para el turista como: ubicaci\u00f3n, v\u00edas de acceso, clima, actividades, recomendaciones, etc.<\/p>\n<p>El Ministerio del Ambiente del Ecuador (MAE) invita a ingresar a la web y conocer cada uno de los rincones del pa\u00eds m\u00e1s megadiverso del mundo. \/\/MH<\/p>\n<p>&nbsp;<\/p>\n<p>ENLACE:<\/p>\n<p><a href=\"http:\/\/suiadoc.ambiente.gob.ec\/documents\/10179\/242901\/GUIA_PARQUES_2014.pdf\/787b7250-aff2-40b0-a681-9bfecbc51b6f\" target=\"_blank\" rel=\"noopener\">Gu\u00eda de Parques<\/a><\/p>\n","protected":false},"excerpt":{"rendered":"<p class=\"excerpt\">Un interesante libro de 270 p\u00e1ginas, ayudar\u00e1 a ciudadanos del mundo entero conocer las 50 reservas, parques nacionales, refugios y \u00e1reas de recreaci\u00f3n que conforman el Sistema Nacional de \u00c1reas Protegidas del Ecuador. Se trata de la Gu\u00eda Informativa de \u00c1reas Protegidas del Ecuador, que usted lo puede conocer a trav\u00e9s de la web. \u201cCon esta Gu\u00eda Informativa incentivamos a&hellip; <a href=\"https:\/\/www.ambienteyenergia.gob.ec\/ambiente\/conozca-la-guia-informativa-de-areas-naturales-protegidas-del-ecuador\/\">Read more &rarr;<\/a><\/p>\n","protected":false},"author":13,"featured_media":23447,"comment_status":"open","ping_status":"open","sticky":false,"template":"","format":"standard","meta":{"footnotes":""},"categories":[16,4],"tags":[],"class_list":["post-24632","post","type-post","status-publish","format-standard","has-post-thumbnail","hentry","category-comunicamos","category-noticias","xfolkentry"],"_links":{"self":[{"href":"https:\/\/www.ambienteyenergia.gob.ec\/ambiente\/wp-json\/wp\/v2\/posts\/24632","targetHints":{"allow":["GET"]}}],"collection":[{"href":"https:\/\/www.ambienteyenergia.gob.ec\/ambiente\/wp-json\/wp\/v2\/posts"}],"about":[{"href":"https:\/\/www.ambienteyenergia.gob.ec\/ambiente\/wp-json\/wp\/v2\/types\/post"}],"author":[{"embeddable":true,"href":"https:\/\/www.ambienteyenergia.gob.ec\/ambiente\/wp-json\/wp\/v2\/users\/13"}],"replies":[{"embeddable":true,"href":"https:\/\/www.ambienteyenergia.gob.ec\/ambiente\/wp-json\/wp\/v2\/comments?post=24632"}],"version-history":[{"count":1,"href":"https:\/\/www.ambienteyenergia.gob.ec\/ambiente\/wp-json\/wp\/v2\/posts\/24632\/revisions"}],"predecessor-version":[{"id":41247,"href":"https:\/\/www.ambienteyenergia.gob.ec\/ambiente\/wp-json\/wp\/v2\/posts\/24632\/revisions\/41247"}],"wp:featuredmedia":[{"embeddable":true,"href":"https:\/\/www.ambienteyenergia.gob.ec\/ambiente\/wp-json\/wp\/v2\/media\/23447"}],"wp:attachment":[{"href":"https:\/\/www.ambienteyenergia.gob.ec\/ambiente\/wp-json\/wp\/v2\/media?parent=24632"}],"wp:term":[{"taxonomy":"category","embeddable":true,"href":"https:\/\/www.ambienteyenergia.gob.ec\/ambiente\/wp-json\/wp\/v2\/categories?post=24632"},{"taxonomy":"post_tag","embeddable":true,"href":"https:\/\/www.ambienteyenergia.gob.ec\/ambiente\/wp-json\/wp\/v2\/tags?post=24632"}],"curies":[{"name":"wp","href":"https:\/\/api.w.org\/{rel}","templated":true}]}}