{"id":24629,"date":"2015-02-28T10:33:22","date_gmt":"2015-02-28T15:33:22","guid":{"rendered":"http:\/\/www.ambiente.gob.ec\/?p=24629"},"modified":"2015-03-05T10:33:59","modified_gmt":"2015-03-05T15:33:59","slug":"dpng-presento-su-rendicion-de-cuentas-2014","status":"publish","type":"post","link":"https:\/\/www.ambienteyenergia.gob.ec\/ambiente\/dpng-presento-su-rendicion-de-cuentas-2014\/","title":{"rendered":"DPNG present\u00f3 su Rendici\u00f3n de Cuentas 2014"},"content":{"rendered":"<div>\n<div dir=\"ltr\" style=\"text-align: justify;\">La tarde de <span id=\"OBJ_PREFIX_DWT6879_com_zimbra_date\" class=\"Object\"><span id=\"OBJ_PREFIX_DWT6880_com_zimbra_date\" class=\"Object\"><span id=\"OBJ_PREFIX_DWT6900_com_zimbra_date\" class=\"Object\"><span id=\"OBJ_PREFIX_DWT3634_com_zimbra_date\" class=\"Object\">ayer<\/span><\/span><\/span><\/span>, el Ministerio del Ambiente, a trav\u00e9s de la Direcci\u00f3n del Parque Nacional Gal\u00e1pagos, cumpli\u00f3 constitucionalmente con la audiencia p\u00fablica de Rendici\u00f3n de Cuentas 2014, como una herramienta para facilitar los procesos, mejorar la interrelaci\u00f3n con la ciudadan\u00eda, y promover la transparencia de su gesti\u00f3n de manera sistem\u00e1tica y detallada.Arturo Izurieta, Director del Parque Nacional Gal\u00e1pagos, inici\u00f3 su informe anual mencionando que: \u201clos resultados de las acciones de la DPNG se debe al esfuerzo coordinado de sus guardaparques, al esp\u00edritu de entrega en su trabajo, pero sobre todo a la responsabilidad con su entorno natural y amor por Gal\u00e1pagos. Este accionar responde, en primera instancia, al Plan Nacional del Buen Vivir\u201d.<\/p>\n<p>A trav\u00e9s de este mecanismo como un proceso participativo, peri\u00f3dico y oportuno, que se realiza al menos una vez al a\u00f1o, la DPNG socializ\u00f3 los avances en materia ambiental que se han realizado en las Islas, por medio de la ejecuci\u00f3n de iniciativas que han demostrado ser eficaces en territorio.<\/p>\n<\/div>\n<\/div>\n<div style=\"text-align: justify;\">\n<div dir=\"ltr\">Con una inversi\u00f3n de 1 mill\u00f3n 185 mil d\u00f3lares la Direcci\u00f3n del Parque Nacional trabaj\u00f3 en la adecuada aplicabilidad de diferentes proyectos como conteo y erradicaci\u00f3n de especies invasoras, mejoramiento de infraestructura sostenible y administraci\u00f3n del Parque Nacional Gal\u00e1pagos.<\/div>\n<\/div>\n<div dir=\"ltr\" style=\"text-align: justify;\">Durante la Rendici\u00f3n de Cuentas, la DPNG foment\u00f3 la participaci\u00f3n ciudadana mediante la conformaci\u00f3n de mesas tem\u00e1ticas en las que se debatieron temas relacionados a cinco ejes fundamentales que, en relaci\u00f3n al accionar institucional se los denomina como Procesos Agregadores de valor: ecosistemas, gesti\u00f3n ambiental, uso p\u00fablico, educaci\u00f3n ambiental y, administrativo financiero, en las que se analiz\u00f3: planes operativos anuales, presupuesto aprobado y ejecutado, contrataci\u00f3n de obras y servicios y, compromisos asumidos con la comunidad.<\/div>\n<p>Una de las mesas tem\u00e1ticas m\u00e1s concurrentes fue la de Educaci\u00f3n Ambiental, <span id=\"OBJ_PREFIX_DWT6881_com_zimbra_date\" class=\"Object\"><span id=\"OBJ_PREFIX_DWT6882_com_zimbra_date\" class=\"Object\"><span id=\"OBJ_PREFIX_DWT6901_com_zimbra_date\" class=\"Object\"><span id=\"OBJ_PREFIX_DWT3635_com_zimbra_date\" class=\"Object\">Mar<\/span><\/span><\/span><\/span>\u00eda L\u00f3pez Balseca, representante del sector educativo resalt\u00f3: \u201cel involucramiento de la comunidad en estos procesos de participaci\u00f3n ciudadana permite que las autoridades conozcan y atiendan a los sectores productivos e institucionales, pero m\u00e1s a\u00fan, respondan en base al presupuesto, sus necesidades\u201d.<\/p>\n<p style=\"text-align: justify;\">Adem\u00e1s el Parque Nacional ha fomentado la participaci\u00f3n ciudadana, a trav\u00e9s de la ejecuci\u00f3n de programas de Educaci\u00f3n Ambiental, Manejo de Residuos S\u00f3lidos y fomento a programas de desarrollo sostenible con el objetivo de brindar alternativas de conservaci\u00f3n para las Islas sin dejar de lado \u00e1mbito social.<\/p>\n","protected":false},"excerpt":{"rendered":"<p class=\"excerpt\">La tarde de ayer, el Ministerio del Ambiente, a trav\u00e9s de la Direcci\u00f3n del Parque Nacional Gal\u00e1pagos, cumpli\u00f3 constitucionalmente con la audiencia p\u00fablica de Rendici\u00f3n de Cuentas 2014, como una herramienta para facilitar los procesos, mejorar la interrelaci\u00f3n con la ciudadan\u00eda, y promover la transparencia de su gesti\u00f3n de manera sistem\u00e1tica y detallada.Arturo Izurieta, Director del Parque Nacional Gal\u00e1pagos, inici\u00f3&hellip; <a href=\"https:\/\/www.ambienteyenergia.gob.ec\/ambiente\/dpng-presento-su-rendicion-de-cuentas-2014\/\">Read more &rarr;<\/a><\/p>\n","protected":false},"author":13,"featured_media":23214,"comment_status":"open","ping_status":"open","sticky":false,"template":"","format":"standard","meta":{"footnotes":""},"categories":[16,4],"tags":[],"class_list":["post-24629","post","type-post","status-publish","format-standard","has-post-thumbnail","hentry","category-comunicamos","category-noticias","xfolkentry"],"_links":{"self":[{"href":"https:\/\/www.ambienteyenergia.gob.ec\/ambiente\/wp-json\/wp\/v2\/posts\/24629","targetHints":{"allow":["GET"]}}],"collection":[{"href":"https:\/\/www.ambienteyenergia.gob.ec\/ambiente\/wp-json\/wp\/v2\/posts"}],"about":[{"href":"https:\/\/www.ambienteyenergia.gob.ec\/ambiente\/wp-json\/wp\/v2\/types\/post"}],"author":[{"embeddable":true,"href":"https:\/\/www.ambienteyenergia.gob.ec\/ambiente\/wp-json\/wp\/v2\/users\/13"}],"replies":[{"embeddable":true,"href":"https:\/\/www.ambienteyenergia.gob.ec\/ambiente\/wp-json\/wp\/v2\/comments?post=24629"}],"version-history":[{"count":0,"href":"https:\/\/www.ambienteyenergia.gob.ec\/ambiente\/wp-json\/wp\/v2\/posts\/24629\/revisions"}],"wp:featuredmedia":[{"embeddable":true,"href":"https:\/\/www.ambienteyenergia.gob.ec\/ambiente\/wp-json\/wp\/v2\/media\/23214"}],"wp:attachment":[{"href":"https:\/\/www.ambienteyenergia.gob.ec\/ambiente\/wp-json\/wp\/v2\/media?parent=24629"}],"wp:term":[{"taxonomy":"category","embeddable":true,"href":"https:\/\/www.ambienteyenergia.gob.ec\/ambiente\/wp-json\/wp\/v2\/categories?post=24629"},{"taxonomy":"post_tag","embeddable":true,"href":"https:\/\/www.ambienteyenergia.gob.ec\/ambiente\/wp-json\/wp\/v2\/tags?post=24629"}],"curies":[{"name":"wp","href":"https:\/\/api.w.org\/{rel}","templated":true}]}}