{"id":24626,"date":"2015-03-04T10:27:22","date_gmt":"2015-03-04T15:27:22","guid":{"rendered":"http:\/\/www.ambiente.gob.ec\/?p=24626"},"modified":"2015-03-05T10:29:53","modified_gmt":"2015-03-05T15:29:53","slug":"vacacional-mi-pequeno-guardaparque-se-realiza-en-san-cristobal","status":"publish","type":"post","link":"https:\/\/www.ambienteyenergia.gob.ec\/ambiente\/vacacional-mi-pequeno-guardaparque-se-realiza-en-san-cristobal\/","title":{"rendered":"Vacacional \u201cMi peque\u00f1o guardaparque\u201d se realiza en San Crist\u00f3bal"},"content":{"rendered":"<p style=\"text-align: justify;\">Con la participaci\u00f3n de 35 ni\u00f1os y ni\u00f1as, de entre 9 y 13 a\u00f1os de edad, inici\u00f3 en la isla San Crist\u00f3bal el vacacional \u201c<span id=\"OBJ_PREFIX_DWT3604_com_zimbra_date\" class=\"Object\">Mi<\/span> peque\u00f1o guardaparque\u201d, actividad de educaci\u00f3n ambiental ejecutada por el Ministerio del Ambiente, a trav\u00e9s de la Direcci\u00f3n del Parque Nacional Gal\u00e1pagos (DPNG), busca cultivar en los participantes una conciencia responsable con el entorno.<\/p>\n<p>Durante el per\u00edodo de vacaciones escolares, a\u00f1o tras a\u00f1o, la DPNG lleva adelante este proyecto como una alternativa para el tiempo libre de los peque\u00f1os, en la que se utiliza m\u00e9todos l\u00fadicos y salidas a campamentos, donde los ni\u00f1os experimentan personalmente el trabajo de campo, as\u00ed como el descubrir m\u00e1s sobre el ecosistema de Gal\u00e1pagos.<\/p>\n<p>La DPNG promueve una cultura galapague\u00f1a caracterizada por un estilo de vida sostenible y que aprovecha las oportunidades que ofrecen las \u00e1reas protegidas para la educaci\u00f3n ambiental, recreaci\u00f3n y participaci\u00f3n de la comunidad galapague\u00f1a.<\/p>\n<p>En las pr\u00f3ximas semanas, vacacionales similares se iniciar\u00e1n en la isla Santa Cruz e Isabela, en los que los peque\u00f1os tendr\u00e1n la oportunidad de conocer y valorar su entorno natural.<\/p>\n","protected":false},"excerpt":{"rendered":"<p class=\"excerpt\">Con la participaci\u00f3n de 35 ni\u00f1os y ni\u00f1as, de entre 9 y 13 a\u00f1os de edad, inici\u00f3 en la isla San Crist\u00f3bal el vacacional \u201cMi peque\u00f1o guardaparque\u201d, actividad de educaci\u00f3n ambiental ejecutada por el Ministerio del Ambiente, a trav\u00e9s de la Direcci\u00f3n del Parque Nacional Gal\u00e1pagos (DPNG), busca cultivar en los participantes una conciencia responsable con el entorno. Durante el&hellip; <a href=\"https:\/\/www.ambienteyenergia.gob.ec\/ambiente\/vacacional-mi-pequeno-guardaparque-se-realiza-en-san-cristobal\/\">Read more &rarr;<\/a><\/p>\n","protected":false},"author":13,"featured_media":24627,"comment_status":"open","ping_status":"open","sticky":false,"template":"","format":"standard","meta":{"footnotes":""},"categories":[16,4],"tags":[],"class_list":["post-24626","post","type-post","status-publish","format-standard","has-post-thumbnail","hentry","category-comunicamos","category-noticias","xfolkentry"],"_links":{"self":[{"href":"https:\/\/www.ambienteyenergia.gob.ec\/ambiente\/wp-json\/wp\/v2\/posts\/24626","targetHints":{"allow":["GET"]}}],"collection":[{"href":"https:\/\/www.ambienteyenergia.gob.ec\/ambiente\/wp-json\/wp\/v2\/posts"}],"about":[{"href":"https:\/\/www.ambienteyenergia.gob.ec\/ambiente\/wp-json\/wp\/v2\/types\/post"}],"author":[{"embeddable":true,"href":"https:\/\/www.ambienteyenergia.gob.ec\/ambiente\/wp-json\/wp\/v2\/users\/13"}],"replies":[{"embeddable":true,"href":"https:\/\/www.ambienteyenergia.gob.ec\/ambiente\/wp-json\/wp\/v2\/comments?post=24626"}],"version-history":[{"count":0,"href":"https:\/\/www.ambienteyenergia.gob.ec\/ambiente\/wp-json\/wp\/v2\/posts\/24626\/revisions"}],"wp:featuredmedia":[{"embeddable":true,"href":"https:\/\/www.ambienteyenergia.gob.ec\/ambiente\/wp-json\/wp\/v2\/media\/24627"}],"wp:attachment":[{"href":"https:\/\/www.ambienteyenergia.gob.ec\/ambiente\/wp-json\/wp\/v2\/media?parent=24626"}],"wp:term":[{"taxonomy":"category","embeddable":true,"href":"https:\/\/www.ambienteyenergia.gob.ec\/ambiente\/wp-json\/wp\/v2\/categories?post=24626"},{"taxonomy":"post_tag","embeddable":true,"href":"https:\/\/www.ambienteyenergia.gob.ec\/ambiente\/wp-json\/wp\/v2\/tags?post=24626"}],"curies":[{"name":"wp","href":"https:\/\/api.w.org\/{rel}","templated":true}]}}