{"id":24624,"date":"2015-03-05T10:24:15","date_gmt":"2015-03-05T15:24:15","guid":{"rendered":"http:\/\/www.ambiente.gob.ec\/?p=24624"},"modified":"2015-03-05T11:20:18","modified_gmt":"2015-03-05T16:20:18","slug":"ecuador-promueve-la-eficiencia-energetica-a-nivel-nacional","status":"publish","type":"post","link":"https:\/\/www.ambienteyenergia.gob.ec\/ambiente\/ecuador-promueve-la-eficiencia-energetica-a-nivel-nacional\/","title":{"rendered":"Ecuador promueve la Eficiencia Energ\u00e9tica a nivel nacional"},"content":{"rendered":"<p style=\"margin-bottom: 0cm;\" align=\"JUSTIFY\">El D\u00eda Mundial de la Eficiencia Energ\u00e9tica fue creado en 1998 con ocasi\u00f3n de la realizaci\u00f3n de la primera conferencia internacional sobre el tema en Austria, donde m\u00e1s de 350 expertos y l\u00edderes de 50 pa\u00edses dialogaron respecto a las mejores estrategias a aplicar frente a las crisis energ\u00e9ticas.<\/p>\n<p>El Ministerio del Ambiente de Ecuador (MAE), a trav\u00e9s de la Subsecretar\u00eda de Cambio Clim\u00e1tico, promueve e incentiva pol\u00edticas para la promoci\u00f3n del uso racional de la energ\u00eda en el Ecuador, aplicada a oficinas y hogares; iniciativas de reducci\u00f3n de Gases de Efecto Invernadero (GEI); y la mitigaci\u00f3n del cambio clim\u00e1tico. Esto dentro del marco de transformaci\u00f3n de la matriz energ\u00e9tica del pa\u00eds, que busca establecer un equilibrio entre el crecimiento econ\u00f3mico y la conservaci\u00f3n del ambiente.<\/p>\n<p>Con la finalidad de favorecer el consumo responsable de energ\u00eda entre los ciudadanos, el MAE public\u00f3 en el 2013, la \u201cGu\u00eda pr\u00e1ctica para el ahorro y uso eficiente de energ\u00eda\u201d, en la que se plantean tres objetivos: ahorrar energ\u00eda, utiliz\u00e1ndola de una manera consciente; hacer uso eficiente e inteligente, para conseguir m\u00e1s por menos; y usar energ\u00eda de fuentes renovables.<\/p>\n<p>A trav\u00e9s de la socializaci\u00f3n de esta herramienta se busca aportar a la reducci\u00f3n de la presi\u00f3n sobre los recursos naturales.<\/p>\n<p>De igual manera, el MAE desarrolla Acciones Nacionales Apropiadas de Mitigaci\u00f3n (NAMA, por sus siglas en ingl\u00e9s), que se enfocan en dos puntos: el reemplazo del uso de Gas Licuado de Petr\u00f3leo (GLP) por electricidad (hidroelectricidad) a partir de la introducci\u00f3n de cocinas el\u00e9ctricas a inducci\u00f3n; y la Optimizaci\u00f3n en la generaci\u00f3n el\u00e9ctrica y Eficiencia Energ\u00e9tica en campos de producci\u00f3n petrolera, en la que se pretende cambiar el di\u00e9sel y petr\u00f3leo crudo por gas natural asociado e hidroelectricidad.<\/p>\n<p>Finalmente, esta Cartera de Estado en coordinaci\u00f3n con otras instituciones contribuir\u00e1 al control del uso de recursos y a la implementaci\u00f3n de tecnolog\u00edas para la producci\u00f3n eficiente, a trav\u00e9s de la Certificaci\u00f3n Carbono Neutral, que es un instrumento para la contabilizaci\u00f3n, reducci\u00f3n y compensaci\u00f3n de emisiones de gases de efecto invernadero generadas por el sector p\u00fablico y privado.\/ss-ds<\/p>\n<p><strong>\u00bfQu\u00e9 es la Eficiencia Energ\u00e9tica? <\/strong><br \/>\n\u201cLa Eficiencia Energ\u00e9tica es el aprovechamiento \u00f3ptimo de la energ\u00eda, y ello no implica renunciar a la calidad de vida sino obtener los mismos bienes, servicios y realizar las mismas actividades sin desperdiciarla.<\/p>\n<p>En Ecuador, la Eficiencia Energ\u00e9tica se ha venido desarrollando a trav\u00e9s de diferentes programas y proyectos promovidos por el actual Gobierno a nivel de sustituci\u00f3n tecnol\u00f3gica de gesti\u00f3n y con la trasformaci\u00f3n de los h\u00e1bitos culturales de la poblaci\u00f3n.\u201d (MEER, web; <a href=\"http:\/\/www.energia.gob.ec\/direccion-de-eficiencia-energetica\/\">www.energia.gob.ec\/direccion-de-eficiencia-energetica\/<\/a>).<\/p>\n","protected":false},"excerpt":{"rendered":"<p class=\"excerpt\">El D\u00eda Mundial de la Eficiencia Energ\u00e9tica fue creado en 1998 con ocasi\u00f3n de la realizaci\u00f3n de la primera conferencia internacional sobre el tema en Austria, donde m\u00e1s de 350 expertos y l\u00edderes de 50 pa\u00edses dialogaron respecto a las mejores estrategias a aplicar frente a las crisis energ\u00e9ticas. El Ministerio del Ambiente de Ecuador (MAE), a trav\u00e9s de la&hellip; <a href=\"https:\/\/www.ambienteyenergia.gob.ec\/ambiente\/ecuador-promueve-la-eficiencia-energetica-a-nivel-nacional\/\">Read more &rarr;<\/a><\/p>\n","protected":false},"author":13,"featured_media":24634,"comment_status":"open","ping_status":"open","sticky":false,"template":"","format":"standard","meta":{"footnotes":""},"categories":[16,4],"tags":[],"class_list":["post-24624","post","type-post","status-publish","format-standard","has-post-thumbnail","hentry","category-comunicamos","category-noticias","xfolkentry"],"_links":{"self":[{"href":"https:\/\/www.ambienteyenergia.gob.ec\/ambiente\/wp-json\/wp\/v2\/posts\/24624","targetHints":{"allow":["GET"]}}],"collection":[{"href":"https:\/\/www.ambienteyenergia.gob.ec\/ambiente\/wp-json\/wp\/v2\/posts"}],"about":[{"href":"https:\/\/www.ambienteyenergia.gob.ec\/ambiente\/wp-json\/wp\/v2\/types\/post"}],"author":[{"embeddable":true,"href":"https:\/\/www.ambienteyenergia.gob.ec\/ambiente\/wp-json\/wp\/v2\/users\/13"}],"replies":[{"embeddable":true,"href":"https:\/\/www.ambienteyenergia.gob.ec\/ambiente\/wp-json\/wp\/v2\/comments?post=24624"}],"version-history":[{"count":0,"href":"https:\/\/www.ambienteyenergia.gob.ec\/ambiente\/wp-json\/wp\/v2\/posts\/24624\/revisions"}],"wp:featuredmedia":[{"embeddable":true,"href":"https:\/\/www.ambienteyenergia.gob.ec\/ambiente\/wp-json\/wp\/v2\/media\/24634"}],"wp:attachment":[{"href":"https:\/\/www.ambienteyenergia.gob.ec\/ambiente\/wp-json\/wp\/v2\/media?parent=24624"}],"wp:term":[{"taxonomy":"category","embeddable":true,"href":"https:\/\/www.ambienteyenergia.gob.ec\/ambiente\/wp-json\/wp\/v2\/categories?post=24624"},{"taxonomy":"post_tag","embeddable":true,"href":"https:\/\/www.ambienteyenergia.gob.ec\/ambiente\/wp-json\/wp\/v2\/tags?post=24624"}],"curies":[{"name":"wp","href":"https:\/\/api.w.org\/{rel}","templated":true}]}}