{"id":24621,"date":"2015-03-05T09:55:18","date_gmt":"2015-03-05T14:55:18","guid":{"rendered":"http:\/\/www.ambiente.gob.ec\/?p=24621"},"modified":"2015-03-05T09:55:18","modified_gmt":"2015-03-05T14:55:18","slug":"hitos-en-la-gestion-integral-de-los-residuos-solidos-en-ecuador","status":"publish","type":"post","link":"https:\/\/www.ambienteyenergia.gob.ec\/ambiente\/hitos-en-la-gestion-integral-de-los-residuos-solidos-en-ecuador\/","title":{"rendered":"Hitos en la gesti\u00f3n integral de los residuos s\u00f3lidos en Ecuador"},"content":{"rendered":"<p style=\"text-align: justify;\">En abril del 2010 se cre\u00f3 el Programa Nacional para la Gesti\u00f3n Integral de Desechos S\u00f3lidos (MAE-PNGIDS), con el objetivo primordial de impulsar la gesti\u00f3n de los residuos s\u00f3lidos en los municipios del Ecuador, con un enfoque integral y sostenible, con la finalidad de disminuir la contaminaci\u00f3n ambiental y mejorar la calidad de vida de los ciudadanos, a trav\u00e9s de estrategias, planes y actividades de capacitaci\u00f3n, sensibilizaci\u00f3n y est\u00edmulo a los diferentes actores relacionados.<\/p>\n<p style=\"text-align: justify;\">A continuaci\u00f3n exponemos los resultados m\u00e1s importantes alcanzados hasta el 2014.<\/p>\n<p style=\"text-align: justify;\">\n<p style=\"text-align: justify;\"><strong>En Pol\u00edticas P\u00fablicas<\/strong><\/p>\n<p style=\"text-align: justify;\">Por primera vez en la historia del pa\u00eds, las pol\u00edticas p\u00fablicas se enmarcan dentro del principio universal de Responsabilidad Extendida del Productor (REP), en d\u00f3nde la industria que pone productos en el mercado es la responsable de la recuperaci\u00f3n y reciclaje de los mismos.<\/p>\n<p style=\"text-align: justify;\"><strong>Neum\u00e1ticos Fuera de Uso:<\/strong>A partir de 2014, los productores\/importadores\/distribuidores de neum\u00e1ticos deben recuperar el 20% de los productos que se pusieron en el mercado el a\u00f1o anterior. En consecuencia, el 2014 se recolectaron 578.105 unidades, cumpliendo la meta en 105%, con 770 puntos de acopio a nivel nacional. El 60% de los neum\u00e1ticos entraron a procesos de reciclaje y el 30% a reencauche.<\/p>\n<p style=\"text-align: justify;\">\n<p style=\"text-align: justify;\"><strong>Celulares en Desuso:<\/strong> A partir de 2013, los productores\/importadores\/distribuidores de celulares deben recuperar 3% de los productos que se pusieron en el mercado el a\u00f1o anterior. En consecuencia, el 2013 y 2104 se recolectaron 587.299 unidades, cumpliendo la meta en 480%, con 60 Puntos de Acopio.<\/p>\n<p style=\"text-align: justify;\">\n<p style=\"text-align: justify;\"><strong>Impuesto redimible a las botellas PET<\/strong><\/p>\n<p style=\"text-align: justify;\">Despu\u00e9s de la implementaci\u00f3n del impuesto redimible de USD 0,02 a las botellas PET, en el 2012. El a\u00f1o pasado se recuperaron 1.935 millones de botellas (109% de lo puesto en el mercado).<\/p>\n<p style=\"text-align: justify;\">\n<p style=\"text-align: justify;\"><strong>Trabajo con los 221 GADM<\/strong><\/p>\n<p style=\"text-align: justify;\">Nuestros t\u00e9cnicos capacitados han dotado de asesor\u00eda permanente a los 221 GAD Municipales del pa\u00eds y a la fecha 109 GADM han sido beneficiados con estudios de cierre t\u00e9cnico de botadero y celda emergente, lo cual beneficia m\u00e1s de 10 millones de ecuatorianos.<\/p>\n<p style=\"text-align: justify;\">\n<p style=\"text-align: justify;\"><strong>Mancomunamiento:<\/strong><\/p>\n<p style=\"text-align: justify;\">Se ha impulsado la creaci\u00f3n de Mancomunidades para la gesti\u00f3n integral de residuos s\u00f3lidos. Al momento se cuenta con 18 mancomunidades conformadas que involucran a 82 GAD Municipales. En este sentido, se ha logrado la creaci\u00f3n de la mancomunidad m\u00e1s grande del pa\u00eds: Sumak Kawsay, compuesta por 20 Municipios de 3 provincias que generan aproximadamente 655 toneladas de residuos por d\u00eda, que lograr\u00e1 hasta el 2020 que el 100% de su poblaci\u00f3n separe adecuadamente sus residuos, con el objetivo de reciclar 198 Ton\/d\u00eda.<\/p>\n<p style=\"text-align: justify;\">\n<p style=\"text-align: justify;\"><strong>Industria de reciclaje:<\/strong><\/p>\n<p style=\"text-align: justify;\">Mediante alianzas y gesti\u00f3n p\u00fablico-privada se han gestionado acciones concretas con las empresas de reciclaje del Ecuador teniendo como resultado el retiro de m\u00e1s de 100 toneladas de residuos aprovechables de las Islas Gal\u00e1pagos.<\/p>\n<p style=\"text-align: justify;\">\n<p style=\"text-align: justify;\"><strong> Reciclaje Inclusivo:<\/strong><\/p>\n<p style=\"text-align: justify;\">El pasado 12 de febrero de 2014 se suscribi\u00f3 el convenio interinstitucional entre el MAE, MIES, IEPS y la RENAREC (Red Nacional de Recicladores), el mismo que reconoce a los \u201crecicladores de base\u201d que recuperan residuos a pie de vereda o en sitios de disposici\u00f3n final de residuos, como actores importantes en la cadena de reciclaje.Ecuador cuenta conaproximadamente 20.000 recicladores de base, de los cuales, 70% son mujeres.<\/p>\n<p style=\"text-align: justify;\">\n<p style=\"text-align: justify;\"><strong>Educaci\u00f3n y sensibilizaci\u00f3n:<\/strong><\/p>\n<p style=\"text-align: justify;\">En el 2014 el MAE-PNGIDS, educ\u00f3 en gesti\u00f3n integral de residuos s\u00f3lidos a la poblaci\u00f3n de 3 ciudades del pa\u00eds (Guayaquil, Quevedo y Cuenca) a trav\u00e9s del Aula Virtual Itinerante, logrando que 33.000 personas se involucren con el manejo y la realidad de los residuos s\u00f3lidos en el Ecuador.<\/p>\n<p style=\"text-align: justify;\">El MAE-PNGIDS promueve desde el 2011 el D\u00eda Internacional de Limpieza de playas. El a\u00f1o pasado se recolectaron 37 Toneladas de residuos con la participaci\u00f3n de m\u00e1s de 15.000 voluntarios en 117 playas y 3 lagunas.<\/p>\n<p style=\"text-align: justify;\">A fin de promover el reciclaje, en marzo de 2014 se aprob\u00f3 la norma t\u00e9cnica para estandarizaci\u00f3n de colores para separaci\u00f3n en la fuente.<\/p>\n<p style=\"text-align: justify;\">\n<p style=\"text-align: justify;\">Estos son algunos de los resultados logrados, sin embargo, el trabajo no ha terminado y el 2015 se vislumbra como un a\u00f1o de retos para el manejo integral de los residuos s\u00f3lidos en el Ecuador.<\/p>\n","protected":false},"excerpt":{"rendered":"<p class=\"excerpt\">En abril del 2010 se cre\u00f3 el Programa Nacional para la Gesti\u00f3n Integral de Desechos S\u00f3lidos (MAE-PNGIDS), con el objetivo primordial de impulsar la gesti\u00f3n de los residuos s\u00f3lidos en los municipios del Ecuador, con un enfoque integral y sostenible, con la finalidad de disminuir la contaminaci\u00f3n ambiental y mejorar la calidad de vida de los ciudadanos, a trav\u00e9s de&hellip; <a href=\"https:\/\/www.ambienteyenergia.gob.ec\/ambiente\/hitos-en-la-gestion-integral-de-los-residuos-solidos-en-ecuador\/\">Read more &rarr;<\/a><\/p>\n","protected":false},"author":13,"featured_media":22752,"comment_status":"open","ping_status":"open","sticky":false,"template":"","format":"standard","meta":{"footnotes":""},"categories":[16,4],"tags":[],"class_list":["post-24621","post","type-post","status-publish","format-standard","has-post-thumbnail","hentry","category-comunicamos","category-noticias","xfolkentry"],"_links":{"self":[{"href":"https:\/\/www.ambienteyenergia.gob.ec\/ambiente\/wp-json\/wp\/v2\/posts\/24621","targetHints":{"allow":["GET"]}}],"collection":[{"href":"https:\/\/www.ambienteyenergia.gob.ec\/ambiente\/wp-json\/wp\/v2\/posts"}],"about":[{"href":"https:\/\/www.ambienteyenergia.gob.ec\/ambiente\/wp-json\/wp\/v2\/types\/post"}],"author":[{"embeddable":true,"href":"https:\/\/www.ambienteyenergia.gob.ec\/ambiente\/wp-json\/wp\/v2\/users\/13"}],"replies":[{"embeddable":true,"href":"https:\/\/www.ambienteyenergia.gob.ec\/ambiente\/wp-json\/wp\/v2\/comments?post=24621"}],"version-history":[{"count":0,"href":"https:\/\/www.ambienteyenergia.gob.ec\/ambiente\/wp-json\/wp\/v2\/posts\/24621\/revisions"}],"wp:featuredmedia":[{"embeddable":true,"href":"https:\/\/www.ambienteyenergia.gob.ec\/ambiente\/wp-json\/wp\/v2\/media\/22752"}],"wp:attachment":[{"href":"https:\/\/www.ambienteyenergia.gob.ec\/ambiente\/wp-json\/wp\/v2\/media?parent=24621"}],"wp:term":[{"taxonomy":"category","embeddable":true,"href":"https:\/\/www.ambienteyenergia.gob.ec\/ambiente\/wp-json\/wp\/v2\/categories?post=24621"},{"taxonomy":"post_tag","embeddable":true,"href":"https:\/\/www.ambienteyenergia.gob.ec\/ambiente\/wp-json\/wp\/v2\/tags?post=24621"}],"curies":[{"name":"wp","href":"https:\/\/api.w.org\/{rel}","templated":true}]}}