{"id":24614,"date":"2015-03-04T10:49:43","date_gmt":"2015-03-04T15:49:43","guid":{"rendered":"http:\/\/www.ambiente.gob.ec\/?p=24614"},"modified":"2015-03-04T10:49:43","modified_gmt":"2015-03-04T15:49:43","slug":"los-hitos-ambientales-del-ministerio-del-ambiente-se-expusieron-en-guayaquil","status":"publish","type":"post","link":"https:\/\/www.ambienteyenergia.gob.ec\/ambiente\/los-hitos-ambientales-del-ministerio-del-ambiente-se-expusieron-en-guayaquil\/","title":{"rendered":"Los hitos ambientales del Ministerio del Ambiente se  expusieron en Guayaquil"},"content":{"rendered":"<p style=\"text-align: justify;\">\u201cEste es un espacio donde quisiera dejar una marca en ustedes, en donde quiero hacer p\u00fablica la gesti\u00f3n del Ministerio del Ambiente durante el 2014\u201d, declar\u00f3 Lorena Tapia, Ministra de Ambiente al inicio de su discurso.<\/p>\n<p style=\"text-align: justify;\">De esta forma la Ministra del Ambiente, Lorena Tapia dio inicio a su intervenci\u00f3n en el evento de Rendici\u00f3n de Cuentas 2014 que se llev\u00f3 a cabo en el Centro de Convenciones de Guayaquil, con la presencia de m\u00e1s de 300 personas, entre autoridades del MAE, sector productivo, empresas privadas, gestores ambientales, entre otros; quienes mostraron su satisfacci\u00f3n y apoyo a la Gesti\u00f3n realizada durante el 2014 en temas ambientales.<\/p>\n<p style=\"text-align: justify;\">\u201cYo creo que el Ecuador realmente se proyecta como un pa\u00eds verde, un pa\u00eds preocupado del ambiente, de cuidar el ecosistema. Yo creo que eso es positivo no solamente para nosotros, sino para las futuras generaciones. El Ecuador ya cambi\u00f3\u201d se\u00f1al\u00f3 Xavier Ycaza, Gerente General de Intercia.<\/p>\n<p style=\"text-align: justify;\">El evento que inici\u00f3 a las 19:00, fue un espacio donde se resalt\u00f3 el compromiso que los ciudadanos han adquirido con el ambiente. \u201cQueremos que Ecuador sea reconocido por el trabajo que realiza por una Generaci\u00f3n Verde, comprometida con las causas ambientales que trabaja hoy de la mano de una Autoridad Ambiental, cercana y efectiva en sus acciones.<\/p>\n<p style=\"text-align: justify;\">Mediante una interactiva modalidad de preguntas y respuestas, la Ministra del Ambiente, Lorena Tapia rindi\u00f3 cuentas sobre su Gesti\u00f3n a la ciudadan\u00eda, con resultados visibles y positivos obtenidos en cada uno de los proyectos e iniciativas emprendidas por esta Cartera de Estado, en los que se destaca:<\/p>\n<p style=\"text-align: justify;\"><strong>COP 11<\/strong><\/p>\n<p style=\"text-align: justify;\">\u201cRealmente para el Ecuador fue un honor acoger esta importante cumbre; sin duda la vida silvestre tiene un antes y un despu\u00e9s de la COP11 en Quito\u201d se\u00f1al\u00f3 Lorena Tapia, Ministra del Ambiente.<\/p>\n<p style=\"text-align: justify;\">El pasado noviembre del 2014, Ecuador recibi\u00f3 a aproximadamente 700 delegados de 123 pa\u00edses que participaron en la Conferencia de las Partes N\u00b0 11, donde se abordaron tem\u00e1ticas como la basura marina, crimen de la vida silvestre, planes de acci\u00f3n para proteger a las especies migratorias en peligro de extinci\u00f3n.<\/p>\n<p style=\"text-align: justify;\">Al concluir este encuentro ambiental se incluyeron a 31 de las 32 especies propuestas dentro de los Ap\u00e9ndices I y II de la CMS; cuatro de estas especies fueron propuestas por el Ecuador, se trata del tibur\u00f3n martillo com\u00fan, tibur\u00f3n martillo gigante, reinita canadiense y el playerito semipalmeado.<\/p>\n<p style=\"text-align: justify;\"><strong>RESIDUOS S\u00d3LIDOS<\/strong><\/p>\n<p style=\"text-align: justify;\">El Programa para la Gesti\u00f3n Integral de Residuos S\u00f3lidos que naci\u00f3 en el 2010 ha generado grandes hitos en el 2014:<\/p>\n<p style=\"text-align: justify;\">Se entregaron 86 estudios de cierre t\u00e9cnico de botaderos y se ha prestado asesor\u00eda t\u00e9cnica a los 221 GADM del pa\u00eds; los mismos han beneficiado a 109 GADM con una poblaci\u00f3n de casi 10 millones de ecuatorianos a nivel nacional. Adem\u00e1s 88 Municipios se beneficiaron con la entrega de equipamiento para el reciclaje de residuos org\u00e1nicos e inorg\u00e1nicos: compactadoras, picadoras, balanzas y\/o tachos.<\/p>\n<p style=\"text-align: justify;\">Se ha impulsado la creaci\u00f3n de Mancomunidades para la gesti\u00f3n integral de residuos s\u00f3lidos. Al momento se cuentan con 18 mancomunidades conformadas que involucran a 82 GAD Municipales. En este sentido se ha logrado la creaci\u00f3n de la mancomunidad m\u00e1s grande del pa\u00eds -Mancomunidad Sumak Kawsay-, compuesta por 20 Municipios de 3 provincias que generan aproximadamente 655 toneladas de residuos por d\u00eda, que lograr\u00e1 hasta el 2020 que el 100% de su poblaci\u00f3n separe adecuadamente sus residuos.<\/p>\n<p style=\"text-align: justify;\">Como parte de la Responsabilidad Extendida del Productor en 2014 se recolectaron 578 105 neum\u00e1ticos fuera de uso cumpliendo la meta en 105% con 770 puntos de acopio a nivel nacional. Adem\u00e1s, en el per\u00edodo entre 2013 y 2104 se recolectaron 587 299 unidades de celulares en desuso, cumpliendo con la meta propuesta en un 480%, con 60 Puntos de Acopio.<\/p>\n<p style=\"text-align: justify;\"><strong>LICENCIAMIENTO AMBIENTAL<\/strong><\/p>\n<p style=\"text-align: justify;\">Acerca de este tema, la M\u00e1xima Autoridad Ambiental resalt\u00f3 que \u201cantes, el tr\u00e1mite de licenciamiento se realizaba de forma manual y los procesos no ten\u00edan un tiempo determinado para obtener los licenciamientos, hoy por hoy se ha reducido significativamente los tiempos para este tr\u00e1mite\u201d<\/p>\n<p style=\"text-align: justify;\">A trav\u00e9s del fortalecimiento del Sistema \u00danico de Informaci\u00f3n Ambiental (SUIA), el Ministerio del Ambiente ha logrado agilizar y garantizar la transparencia en el proceso de licenciamiento, en el control de cumplimiento de los planes de manejo y en la atenci\u00f3n de las denuncias ciudadanas.<\/p>\n<p style=\"text-align: justify;\"><strong>Conservaci\u00f3n <\/strong><\/p>\n<p style=\"text-align: justify;\">\u201cDiferentes iniciativas ambientales como la Restauraci\u00f3n del Estero Salado, Punto Verde, Restauraci\u00f3n Forestal, Socio Manglar y Limpieza de Playas han demostrado el compromiso ambiental de nuestra gesti\u00f3n que tiene como objetivo garantizar la conservaci\u00f3n y protecci\u00f3n de nuestros recursos naturales, sin dejar de lado el desarrollo sostenible de nuestra ciudadan\u00eda\u201d, coment\u00f3 la Ministra de Ambiente, Lorena Tapia<\/p>\n<p style=\"text-align: justify;\">Ahora el Ministerio del Ambiente se proyecta para el 2015 con nuevas iniciativas encaminadas al Buen Vivir de los ecuatorianos y ecuatorianas. Uno de los proyectos designados es la renovaci\u00f3n de Punto Verde con la implementaci\u00f3n de un programa de incentivos econ\u00f3micos y no econ\u00f3micos para las empresas ecuatorianas;U entre los incentivos consta el 1% menos de la tasa m\u00e1s baja de la CFN. \/mh-ds<\/p>\n","protected":false},"excerpt":{"rendered":"<p class=\"excerpt\">\u201cEste es un espacio donde quisiera dejar una marca en ustedes, en donde quiero hacer p\u00fablica la gesti\u00f3n del Ministerio del Ambiente durante el 2014\u201d, declar\u00f3 Lorena Tapia, Ministra de Ambiente al inicio de su discurso. De esta forma la Ministra del Ambiente, Lorena Tapia dio inicio a su intervenci\u00f3n en el evento de Rendici\u00f3n de Cuentas 2014 que se&hellip; <a href=\"https:\/\/www.ambienteyenergia.gob.ec\/ambiente\/los-hitos-ambientales-del-ministerio-del-ambiente-se-expusieron-en-guayaquil\/\">Read more &rarr;<\/a><\/p>\n","protected":false},"author":13,"featured_media":24616,"comment_status":"open","ping_status":"open","sticky":false,"template":"","format":"standard","meta":{"footnotes":""},"categories":[16,4],"tags":[],"class_list":["post-24614","post","type-post","status-publish","format-standard","has-post-thumbnail","hentry","category-comunicamos","category-noticias","xfolkentry"],"_links":{"self":[{"href":"https:\/\/www.ambienteyenergia.gob.ec\/ambiente\/wp-json\/wp\/v2\/posts\/24614","targetHints":{"allow":["GET"]}}],"collection":[{"href":"https:\/\/www.ambienteyenergia.gob.ec\/ambiente\/wp-json\/wp\/v2\/posts"}],"about":[{"href":"https:\/\/www.ambienteyenergia.gob.ec\/ambiente\/wp-json\/wp\/v2\/types\/post"}],"author":[{"embeddable":true,"href":"https:\/\/www.ambienteyenergia.gob.ec\/ambiente\/wp-json\/wp\/v2\/users\/13"}],"replies":[{"embeddable":true,"href":"https:\/\/www.ambienteyenergia.gob.ec\/ambiente\/wp-json\/wp\/v2\/comments?post=24614"}],"version-history":[{"count":0,"href":"https:\/\/www.ambienteyenergia.gob.ec\/ambiente\/wp-json\/wp\/v2\/posts\/24614\/revisions"}],"wp:featuredmedia":[{"embeddable":true,"href":"https:\/\/www.ambienteyenergia.gob.ec\/ambiente\/wp-json\/wp\/v2\/media\/24616"}],"wp:attachment":[{"href":"https:\/\/www.ambienteyenergia.gob.ec\/ambiente\/wp-json\/wp\/v2\/media?parent=24614"}],"wp:term":[{"taxonomy":"category","embeddable":true,"href":"https:\/\/www.ambienteyenergia.gob.ec\/ambiente\/wp-json\/wp\/v2\/categories?post=24614"},{"taxonomy":"post_tag","embeddable":true,"href":"https:\/\/www.ambienteyenergia.gob.ec\/ambiente\/wp-json\/wp\/v2\/tags?post=24614"}],"curies":[{"name":"wp","href":"https:\/\/api.w.org\/{rel}","templated":true}]}}