{"id":24606,"date":"2015-03-03T15:40:02","date_gmt":"2015-03-03T20:40:02","guid":{"rendered":"http:\/\/www.ambiente.gob.ec\/?p=24606"},"modified":"2015-03-03T15:40:02","modified_gmt":"2015-03-03T20:40:02","slug":"restauracion-y-conservacion-forestal-una-nueva-vision-de-desarrollo","status":"publish","type":"post","link":"https:\/\/www.ambienteyenergia.gob.ec\/ambiente\/restauracion-y-conservacion-forestal-una-nueva-vision-de-desarrollo\/","title":{"rendered":"Restauraci\u00f3n y Conservaci\u00f3n forestal, una nueva visi\u00f3n de desarrollo"},"content":{"rendered":"<p style=\"text-align: justify;\">Ecuador es reconocido a nivel nacional e internacional gracias al compromiso ambiental que ha promovido en diferentes niveles de gesti\u00f3n, por medio de sus diferentes subsecretarias y direcciones que se enfocaron en promover un trabajo mancomunado como una estrategia de desarrollo sostenible que tiene como meta posicionar el Buen Vivir como un nuevo modelo de econom\u00eda verde.<\/p>\n<p style=\"text-align: justify;\">Por tal motivo, el Ministerio del Ambiente de Ecuador durante el 2014 fortaleci\u00f3 diferentes iniciativas ambientales de car\u00e1cter local y nacional, como es el caso del Plan Nacional de Restauraci\u00f3n Forestal que comprometi\u00f3 la recuperaci\u00f3n de 143 611,33 hect\u00e1reas de bosques nativos, proyecto que obtuvo varios reconocimientos a nivel internacional, como el realizado en el marco de la COP20 sobre Cambio Clim\u00e1tico realizado en Lima, Per\u00fa.<\/p>\n<p style=\"text-align: justify;\">\u201cEste resultado lo logramos con el apoyo de diferentes actores sociales con los que suscribimos 243 convenios de restauraci\u00f3n forestal con Gobiernos Aut\u00f3nomos Descentralizados e iniciativas privadas, con el objetivo de alcanzar la meta de 500 mil hect\u00e1reas de bosques nativos restauradas hasta 2017\u201d, coment\u00f3 la M\u00e1xima Autoridad Ambiental, Lorena Tapia N\u00fa\u00f1ez.<\/p>\n<p style=\"text-align: justify;\">Por otro lado, esta Cartera de Estado cre\u00f3 en 2008 el Plan Nacional de Incentivos a la Conservaci\u00f3n para promover el uso responsable de recursos naturales con el objetivo de evitar el deterioro de ecosistemas por medio de la expansi\u00f3n de la frontera agr\u00edcola, especialmente en comunidades rurales del pa\u00eds.<\/p>\n<p style=\"text-align: justify;\">Por ello, hasta la fecha se han firmado cerca de 2 600 convenios con comunidades, campesinos y nacionalidades ind\u00edgenas para la conservaci\u00f3n de bosques nativos en todo el Ecuador. \u201cDe esta cifra s\u00f3lo en el \u00faltimo a\u00f1o de gesti\u00f3n logramos incluir 400 nuevos convenios que han beneficiado econ\u00f3micamente a 13 870 ciudadanos con una inversi\u00f3n de 1 mill\u00f3n 500 mil d\u00f3lares aproximadamente; un hito que ha sido reconocido a nivel mundial\u201d, enfatiz\u00f3 Tapia.<\/p>\n<p style=\"text-align: justify;\">Como resultado de la implementaci\u00f3n de estas pol\u00edticas a nivel nacional se logr\u00f3 conservar 206 716,31 hect\u00e1reas de bosques nativos.<\/p>\n<p style=\"text-align: justify;\">\u201cCon esto hemos querido dar una nueva visi\u00f3n de Patrimonio Natural, basada en seis componentes: Restauraci\u00f3n y <strong>Reforestaci\u00f3n,<\/strong> <strong>Manejo Forestal<\/strong>, <strong>Biocomercio<\/strong>, <strong>Servicios Ecosist\u00e9micos<\/strong>, <strong>Conservaci\u00f3n<\/strong> y <strong>Facilitaci\u00f3n para la Adjudicaci\u00f3n de Tierras<\/strong>. Todo orientado en una visi\u00f3n integral que se enmarca en la normativa ambiental vigente, la gesti\u00f3n de paisajes, el ordenamiento territorial y el manejo de bosques y vida silvestre\u201d, aclar\u00f3 la Ministra de Ambiente, Lorena Tapia N\u00fa\u00f1ez.\/ds<\/p>\n<p style=\"text-align: justify;\">\n","protected":false},"excerpt":{"rendered":"<p class=\"excerpt\">Ecuador es reconocido a nivel nacional e internacional gracias al compromiso ambiental que ha promovido en diferentes niveles de gesti\u00f3n, por medio de sus diferentes subsecretarias y direcciones que se enfocaron en promover un trabajo mancomunado como una estrategia de desarrollo sostenible que tiene como meta posicionar el Buen Vivir como un nuevo modelo de econom\u00eda verde. Por tal motivo,&hellip; <a href=\"https:\/\/www.ambienteyenergia.gob.ec\/ambiente\/restauracion-y-conservacion-forestal-una-nueva-vision-de-desarrollo\/\">Read more &rarr;<\/a><\/p>\n","protected":false},"author":13,"featured_media":24607,"comment_status":"open","ping_status":"open","sticky":false,"template":"","format":"standard","meta":{"footnotes":""},"categories":[16,4],"tags":[],"class_list":["post-24606","post","type-post","status-publish","format-standard","has-post-thumbnail","hentry","category-comunicamos","category-noticias","xfolkentry"],"_links":{"self":[{"href":"https:\/\/www.ambienteyenergia.gob.ec\/ambiente\/wp-json\/wp\/v2\/posts\/24606","targetHints":{"allow":["GET"]}}],"collection":[{"href":"https:\/\/www.ambienteyenergia.gob.ec\/ambiente\/wp-json\/wp\/v2\/posts"}],"about":[{"href":"https:\/\/www.ambienteyenergia.gob.ec\/ambiente\/wp-json\/wp\/v2\/types\/post"}],"author":[{"embeddable":true,"href":"https:\/\/www.ambienteyenergia.gob.ec\/ambiente\/wp-json\/wp\/v2\/users\/13"}],"replies":[{"embeddable":true,"href":"https:\/\/www.ambienteyenergia.gob.ec\/ambiente\/wp-json\/wp\/v2\/comments?post=24606"}],"version-history":[{"count":0,"href":"https:\/\/www.ambienteyenergia.gob.ec\/ambiente\/wp-json\/wp\/v2\/posts\/24606\/revisions"}],"wp:featuredmedia":[{"embeddable":true,"href":"https:\/\/www.ambienteyenergia.gob.ec\/ambiente\/wp-json\/wp\/v2\/media\/24607"}],"wp:attachment":[{"href":"https:\/\/www.ambienteyenergia.gob.ec\/ambiente\/wp-json\/wp\/v2\/media?parent=24606"}],"wp:term":[{"taxonomy":"category","embeddable":true,"href":"https:\/\/www.ambienteyenergia.gob.ec\/ambiente\/wp-json\/wp\/v2\/categories?post=24606"},{"taxonomy":"post_tag","embeddable":true,"href":"https:\/\/www.ambienteyenergia.gob.ec\/ambiente\/wp-json\/wp\/v2\/tags?post=24606"}],"curies":[{"name":"wp","href":"https:\/\/api.w.org\/{rel}","templated":true}]}}