{"id":24526,"date":"2015-03-03T11:41:27","date_gmt":"2015-03-03T16:41:27","guid":{"rendered":"http:\/\/www.ambiente.gob.ec\/?p=24526"},"modified":"2015-03-03T11:41:27","modified_gmt":"2015-03-03T16:41:27","slug":"suia-reestructura-su-portal-web","status":"publish","type":"post","link":"https:\/\/www.ambienteyenergia.gob.ec\/ambiente\/suia-reestructura-su-portal-web\/","title":{"rendered":"SUIA reestructura su portal web"},"content":{"rendered":"<p style=\"text-align: justify;\">El Ministerio del Ambiente- MAE durante el a\u00f1o 2014 trabaj\u00f3 en el redise\u00f1o del portal del Sistema \u00danico de Informaci\u00f3n Ambiental &#8211; SUIA, esta plataforma centraliza el acceso a la informaci\u00f3n de los diferentes servicios que ofrece esta Cartera de Estado a la ciudadan\u00eda y a su vez cataloga la informaci\u00f3n de cada Subsecretar\u00eda de una forma m\u00e1s organizada.<\/p>\n<p style=\"text-align: justify;\">\n<p style=\"text-align: justify;\">Este portal lleva activo aproximadamente dos a\u00f1os; el cambio de l\u00ednea gr\u00e1fica obedece al cumplimiento de los lineamientos que establece la Secretar\u00eda Nacional de Administraci\u00f3n P\u00fablica \u2013 SNAP y a su vez brindar un sitio web mejor estructurado de f\u00e1cil navegaci\u00f3n para el p\u00fablico.<\/p>\n<p style=\"text-align: justify;\">\n<p style=\"text-align: justify;\">Los cambios consisten en la clasificaci\u00f3n de la informaci\u00f3n contenida en el actual portal e inclusi\u00f3n de nueva informaci\u00f3n, para facilitar el acceso y comprensi\u00f3n de la ciudadan\u00eda con respecto a los servicios que ofrece el MAE.<\/p>\n<p style=\"text-align: justify;\">\n<p style=\"text-align: justify;\">Asimismo, la actual plataforma cuenta con micrositios donde cada una de la Subsecretar\u00edas que no disponen de servicios automatizados pueden difundir la informaci\u00f3n relacionada de sus principales competencias, adem\u00e1s de la implementaci\u00f3n de nuevas funcionalidades, como por ejemplo: el buscador de contenidos por palabra clave y el slider de alertas y notificaciones, que permite el enlace a una noticia determinada.<\/p>\n<p style=\"text-align: justify;\">\n<p style=\"text-align: justify;\"><strong>Un portal inclusivo<\/strong><\/p>\n<p style=\"text-align: justify;\">\n<p style=\"text-align: justify;\">Ahora la ciudadan\u00eda tambi\u00e9n encontrar\u00e1 el \u00edtem \u201cServicios en l\u00ednea\u201d, para facilitar el acceso a los servicios automatizados m\u00e1s utilizados por el p\u00fablico, as\u00ed como tambi\u00e9n el cumplimiento de las directrices de accesibilidad emitidas por la Secretaria T\u00e9cnica de Discapacidades, a fin de que al portal puedan acceder con mayor facilidad los usuarios que tengan alguna limitaci\u00f3n f\u00edsica.<\/p>\n<p style=\"text-align: justify;\">\n<p style=\"text-align: justify;\">Para conocer la actual plataforma le invitamos a dirigirse al siguiente link: <a href=\"http:\/\/suia.ambiente.gob.ec\/\">http:\/\/suia.ambiente.gob.ec\/<\/a><\/p>\n","protected":false},"excerpt":{"rendered":"<p class=\"excerpt\">El Ministerio del Ambiente- MAE durante el a\u00f1o 2014 trabaj\u00f3 en el redise\u00f1o del portal del Sistema \u00danico de Informaci\u00f3n Ambiental &#8211; SUIA, esta plataforma centraliza el acceso a la informaci\u00f3n de los diferentes servicios que ofrece esta Cartera de Estado a la ciudadan\u00eda y a su vez cataloga la informaci\u00f3n de cada Subsecretar\u00eda de una forma m\u00e1s organizada. Este&hellip; <a href=\"https:\/\/www.ambienteyenergia.gob.ec\/ambiente\/suia-reestructura-su-portal-web\/\">Read more &rarr;<\/a><\/p>\n","protected":false},"author":13,"featured_media":24527,"comment_status":"open","ping_status":"open","sticky":false,"template":"","format":"standard","meta":{"footnotes":""},"categories":[16,4],"tags":[],"class_list":["post-24526","post","type-post","status-publish","format-standard","has-post-thumbnail","hentry","category-comunicamos","category-noticias","xfolkentry"],"_links":{"self":[{"href":"https:\/\/www.ambienteyenergia.gob.ec\/ambiente\/wp-json\/wp\/v2\/posts\/24526","targetHints":{"allow":["GET"]}}],"collection":[{"href":"https:\/\/www.ambienteyenergia.gob.ec\/ambiente\/wp-json\/wp\/v2\/posts"}],"about":[{"href":"https:\/\/www.ambienteyenergia.gob.ec\/ambiente\/wp-json\/wp\/v2\/types\/post"}],"author":[{"embeddable":true,"href":"https:\/\/www.ambienteyenergia.gob.ec\/ambiente\/wp-json\/wp\/v2\/users\/13"}],"replies":[{"embeddable":true,"href":"https:\/\/www.ambienteyenergia.gob.ec\/ambiente\/wp-json\/wp\/v2\/comments?post=24526"}],"version-history":[{"count":0,"href":"https:\/\/www.ambienteyenergia.gob.ec\/ambiente\/wp-json\/wp\/v2\/posts\/24526\/revisions"}],"wp:featuredmedia":[{"embeddable":true,"href":"https:\/\/www.ambienteyenergia.gob.ec\/ambiente\/wp-json\/wp\/v2\/media\/24527"}],"wp:attachment":[{"href":"https:\/\/www.ambienteyenergia.gob.ec\/ambiente\/wp-json\/wp\/v2\/media?parent=24526"}],"wp:term":[{"taxonomy":"category","embeddable":true,"href":"https:\/\/www.ambienteyenergia.gob.ec\/ambiente\/wp-json\/wp\/v2\/categories?post=24526"},{"taxonomy":"post_tag","embeddable":true,"href":"https:\/\/www.ambienteyenergia.gob.ec\/ambiente\/wp-json\/wp\/v2\/tags?post=24526"}],"curies":[{"name":"wp","href":"https:\/\/api.w.org\/{rel}","templated":true}]}}