{"id":24516,"date":"2015-03-02T19:42:53","date_gmt":"2015-03-03T00:42:53","guid":{"rendered":"http:\/\/www.ambiente.gob.ec\/?p=24516"},"modified":"2015-03-02T19:42:53","modified_gmt":"2015-03-03T00:42:53","slug":"cerca-de-mil-azuayos-participaron-de-la-rendicion-de-cuentas-pras-2014","status":"publish","type":"post","link":"https:\/\/www.ambienteyenergia.gob.ec\/ambiente\/cerca-de-mil-azuayos-participaron-de-la-rendicion-de-cuentas-pras-2014\/","title":{"rendered":"Cerca de mil azuayos participaron de la Rendici\u00f3n de Cuentas PRAS 2014"},"content":{"rendered":"<p style=\"text-align: justify;\">Con la asistencia de aproximadamente 1000 ciudadanos el Programa de Reparaci\u00f3n Ambiental y Social del Ministerio del Ambiente rindi\u00f3 cuentas de la gesti\u00f3n realizada en el 2014. El Cant\u00f3n Paute, en la provincia del Azuay fue la sede el evento efectuado el 28 de febrero pasado, en el cual se dio cumplimiento a la normativa vigente, regularizada por el Consejo de Participaci\u00f3n Ciudadana y Control Social (CPCCS), que tiene como objetivo mejorar la interrelaci\u00f3n entre las instituciones p\u00fablicas y la ciudadan\u00eda y promover la transparencia de la gesti\u00f3n p\u00fablica.<\/p>\n<p style=\"text-align: justify;\">Pobladores de las comunidades de El Cabo, Chican, Dugdug, Puente Europa, Chaquilcay, Chordeleg, S\u00edgsig, Gualaceo, Paute y Portovelo, as\u00ed como la Asociaci\u00f3n de Tejedoras de Sombreros y Artesan\u00edas de Paja Toquilla de S\u00edgsig, tenientes pol\u00edticos y dirigentes de Juntas Parroquiales y autoridades municipales de Paute y Gualaceo acudieron a las instalaciones del Unidad Educativa 26 de Febrero para ejercer su derecho democr\u00e1tico de participaci\u00f3n social.<\/p>\n<p style=\"text-align: justify;\">El proceso de Rendici\u00f3n de Cuentas se dividi\u00f3 en dos momentos. El primero inici\u00f3 a las 10:00 con la asistencia de 180 personas que se dividieron en cuatro grupos de trabajo. Cada grupo tuvo la posibilidad de analizar a fondo uno de los cuatro temas relacionados con la gesti\u00f3n del PRAS. Los temas propuestos fueron: sistemas de informaci\u00f3n de pasivos socioambientales, planes de reparaci\u00f3n integral, acciones para combatir la miner\u00eda ilegal y procesos de expropiaci\u00f3n en la Zona 1 de La Josefina y El Tabl\u00f3n.<\/p>\n<p style=\"text-align: justify;\">Luego de escuchar la gesti\u00f3n realizada por el PRAS durante el 2014, quienes participaron en las mesas tem\u00e1ticas escogieron a un representante de cada grupo para que expongan los logros y las propuestas para mejorar la gesti\u00f3n del PRAS. La exposici\u00f3n se realiz\u00f3 en el segundo momento de la rendici\u00f3n de cuentas, denominado sesi\u00f3n plenaria.<\/p>\n<p style=\"text-align: justify;\">Una vez que los ciudadanos expositores concluyeron con sus intervenciones, el Gerente del PRAS, Jos\u00e9 Ignacio Mart\u00ednez, inform\u00f3 sobre los principales hitos de la gesti\u00f3n del Programa. Destac\u00f3, por ejemplo, la implementaci\u00f3n del sistema de estad\u00edsticas socioambientales de la actividad hidrocarbur\u00edfera, a trav\u00e9s de la plataforma de negocios Pentaho. Tambi\u00e9n explic\u00f3 la ejecuci\u00f3n de orto-rectificaci\u00f3n de fotograf\u00edas a\u00e9reas e interpretaci\u00f3n de bosque \u2013 no bosque de la zona de intervenci\u00f3n del proyecto Amazon\u00eda Viva; la generaci\u00f3n de Planes de Reparaci\u00f3n Integral de la cuenca del r\u00edo Puyango (El Oro \u2013 Loja) y la implementaci\u00f3n del proyecto piloto de restauraci\u00f3n manejo integrado a escala de paisaje en Pacayacu (Sucumb\u00edos).<\/p>\n<p style=\"text-align: justify;\">En su intervenci\u00f3n, Mart\u00ednez tambi\u00e9n destac\u00f3 la importancia del proceso de participaci\u00f3n social que implica la rendici\u00f3n de cuentas y que les que les da la posibilidad a los ciudadanos de conocer m\u00e1s de cerca el trabajo que se realiza a favor del Ambiente y del desarrollo del pa\u00eds. \u201cAgradezco y aplaudo su presencia esta ma\u00f1ana, su contribuci\u00f3n permite la construcci\u00f3n de un verdadero proceso democr\u00e1tico y nos exige realizar nuestro trabajo de manera m\u00e1s minuciosa y eficaz\u201d, manifest\u00f3.<\/p>\n<p style=\"text-align: justify;\">Al concluir la sesi\u00f3n plenaria, Nidia Salazar, del cant\u00f3n Paute, indic\u00f3 que \u201cestos espacios son muy importantes porque las instituciones p\u00fablicas dan a conocer el trabajo que realizan y los recursos que gastan en cada uno de sus proyectos\u201d.<\/p>\n<p style=\"text-align: justify;\">En el 2014, el Programa de Reparaci\u00f3n Ambiental y Social (PRAS) ejecut\u00f3 $ 5`237.784,73,lo que signific\u00f3 el cumplimiento del 99.86% asignado por el Estado en ese a\u00f1o.<\/p>\n<p style=\"text-align: justify;\">\n","protected":false},"excerpt":{"rendered":"<p class=\"excerpt\">Con la asistencia de aproximadamente 1000 ciudadanos el Programa de Reparaci\u00f3n Ambiental y Social del Ministerio del Ambiente rindi\u00f3 cuentas de la gesti\u00f3n realizada en el 2014. El Cant\u00f3n Paute, en la provincia del Azuay fue la sede el evento efectuado el 28 de febrero pasado, en el cual se dio cumplimiento a la normativa vigente, regularizada por el Consejo&hellip; <a href=\"https:\/\/www.ambienteyenergia.gob.ec\/ambiente\/cerca-de-mil-azuayos-participaron-de-la-rendicion-de-cuentas-pras-2014\/\">Read more &rarr;<\/a><\/p>\n","protected":false},"author":13,"featured_media":24517,"comment_status":"open","ping_status":"open","sticky":false,"template":"","format":"standard","meta":{"footnotes":""},"categories":[16,4],"tags":[],"class_list":["post-24516","post","type-post","status-publish","format-standard","has-post-thumbnail","hentry","category-comunicamos","category-noticias","xfolkentry"],"_links":{"self":[{"href":"https:\/\/www.ambienteyenergia.gob.ec\/ambiente\/wp-json\/wp\/v2\/posts\/24516","targetHints":{"allow":["GET"]}}],"collection":[{"href":"https:\/\/www.ambienteyenergia.gob.ec\/ambiente\/wp-json\/wp\/v2\/posts"}],"about":[{"href":"https:\/\/www.ambienteyenergia.gob.ec\/ambiente\/wp-json\/wp\/v2\/types\/post"}],"author":[{"embeddable":true,"href":"https:\/\/www.ambienteyenergia.gob.ec\/ambiente\/wp-json\/wp\/v2\/users\/13"}],"replies":[{"embeddable":true,"href":"https:\/\/www.ambienteyenergia.gob.ec\/ambiente\/wp-json\/wp\/v2\/comments?post=24516"}],"version-history":[{"count":0,"href":"https:\/\/www.ambienteyenergia.gob.ec\/ambiente\/wp-json\/wp\/v2\/posts\/24516\/revisions"}],"wp:featuredmedia":[{"embeddable":true,"href":"https:\/\/www.ambienteyenergia.gob.ec\/ambiente\/wp-json\/wp\/v2\/media\/24517"}],"wp:attachment":[{"href":"https:\/\/www.ambienteyenergia.gob.ec\/ambiente\/wp-json\/wp\/v2\/media?parent=24516"}],"wp:term":[{"taxonomy":"category","embeddable":true,"href":"https:\/\/www.ambienteyenergia.gob.ec\/ambiente\/wp-json\/wp\/v2\/categories?post=24516"},{"taxonomy":"post_tag","embeddable":true,"href":"https:\/\/www.ambienteyenergia.gob.ec\/ambiente\/wp-json\/wp\/v2\/tags?post=24516"}],"curies":[{"name":"wp","href":"https:\/\/api.w.org\/{rel}","templated":true}]}}