{"id":24513,"date":"2015-03-02T17:35:25","date_gmt":"2015-03-02T22:35:25","guid":{"rendered":"http:\/\/www.ambiente.gob.ec\/?p=24513"},"modified":"2015-03-02T17:35:25","modified_gmt":"2015-03-02T22:35:25","slug":"1-600-plantas-nativas-fueron-sembradas-en-isla-santa-cruz-galapagos","status":"publish","type":"post","link":"https:\/\/www.ambienteyenergia.gob.ec\/ambiente\/1-600-plantas-nativas-fueron-sembradas-en-isla-santa-cruz-galapagos\/","title":{"rendered":"1 600 plantas nativas fueron sembradas en Isla Santa Cruz, Gal\u00e1pagos"},"content":{"rendered":"<p>M\u00e1s de 50 funcionarios de la Direcci\u00f3n del Parque Nacional Gal\u00e1pagos (DPNG), entre administrativos y guardaparques participaron de una jornada de reforestaci\u00f3n de plantas nativas y end\u00e9micas en Isla Santa Cruz, el pasado s\u00e1bado 28 de febrero, en la zona de Los Gemelos.<\/p>\n<p>Esta labor se realiz\u00f3 con el objetivo de restaurar un \u00e1rea aproximada de 2 hect\u00e1reas dentro de la Isla en la que se sembraron 1 600 plantas de las especies cacaotillo (Miconia robinsoniana), guayabillo (Psidium galapagueiun), u\u00f1a de gato (Zanthoxylum fagara) y margarita de Darwin (Darwiniothamnus tenuifolius), entre otros que buscan brindar un alto valor ambiental al paisaje de Gal\u00e1pagos.<\/p>\n<p>Esta iniciativa forma parte de diferentes actividades que se realizar\u00e1n durante este a\u00f1o, con las que la DPNG busca involucrar a todos los funcionarios con la finalidad de contribuir con la conservaci\u00f3n de las islas, a trav\u00e9s de un trabajo conjunto de todas las diferentes \u00e1reas institucionales del Ministerio del Ambiente.<\/p>\n<p>\u00abPara m\u00ed fue una gran oportunidad para aprender a valorar realmente todo el esfuerzo que hay detr\u00e1s de cada espacio conservado. Una cosa es saber lo que hacen, otra cosa es vivir la experiencia, lo que sin duda reafirma mi compromiso con la instituci\u00f3n y mi admiraci\u00f3n por mis compa\u00f1eros guardaparques\u00bb, mencion\u00f3 Deysi Plaza, asistente de Direcci\u00f3n, quien particip\u00f3 de la actividad.\/rl-ds<\/p>\n","protected":false},"excerpt":{"rendered":"<p class=\"excerpt\">M\u00e1s de 50 funcionarios de la Direcci\u00f3n del Parque Nacional Gal\u00e1pagos (DPNG), entre administrativos y guardaparques participaron de una jornada de reforestaci\u00f3n de plantas nativas y end\u00e9micas en Isla Santa Cruz, el pasado s\u00e1bado 28 de febrero, en la zona de Los Gemelos. Esta labor se realiz\u00f3 con el objetivo de restaurar un \u00e1rea aproximada de 2 hect\u00e1reas dentro de&hellip; <a href=\"https:\/\/www.ambienteyenergia.gob.ec\/ambiente\/1-600-plantas-nativas-fueron-sembradas-en-isla-santa-cruz-galapagos\/\">Read more &rarr;<\/a><\/p>\n","protected":false},"author":13,"featured_media":24514,"comment_status":"open","ping_status":"open","sticky":false,"template":"","format":"standard","meta":{"footnotes":""},"categories":[16,4],"tags":[419,108,53,459],"class_list":["post-24513","post","type-post","status-publish","format-standard","has-post-thumbnail","hentry","category-comunicamos","category-noticias","tag-dpng","tag-lorena-tapia","tag-mae","tag-restauracion-forestal","xfolkentry"],"_links":{"self":[{"href":"https:\/\/www.ambienteyenergia.gob.ec\/ambiente\/wp-json\/wp\/v2\/posts\/24513","targetHints":{"allow":["GET"]}}],"collection":[{"href":"https:\/\/www.ambienteyenergia.gob.ec\/ambiente\/wp-json\/wp\/v2\/posts"}],"about":[{"href":"https:\/\/www.ambienteyenergia.gob.ec\/ambiente\/wp-json\/wp\/v2\/types\/post"}],"author":[{"embeddable":true,"href":"https:\/\/www.ambienteyenergia.gob.ec\/ambiente\/wp-json\/wp\/v2\/users\/13"}],"replies":[{"embeddable":true,"href":"https:\/\/www.ambienteyenergia.gob.ec\/ambiente\/wp-json\/wp\/v2\/comments?post=24513"}],"version-history":[{"count":0,"href":"https:\/\/www.ambienteyenergia.gob.ec\/ambiente\/wp-json\/wp\/v2\/posts\/24513\/revisions"}],"wp:featuredmedia":[{"embeddable":true,"href":"https:\/\/www.ambienteyenergia.gob.ec\/ambiente\/wp-json\/wp\/v2\/media\/24514"}],"wp:attachment":[{"href":"https:\/\/www.ambienteyenergia.gob.ec\/ambiente\/wp-json\/wp\/v2\/media?parent=24513"}],"wp:term":[{"taxonomy":"category","embeddable":true,"href":"https:\/\/www.ambienteyenergia.gob.ec\/ambiente\/wp-json\/wp\/v2\/categories?post=24513"},{"taxonomy":"post_tag","embeddable":true,"href":"https:\/\/www.ambienteyenergia.gob.ec\/ambiente\/wp-json\/wp\/v2\/tags?post=24513"}],"curies":[{"name":"wp","href":"https:\/\/api.w.org\/{rel}","templated":true}]}}