{"id":24506,"date":"2015-03-02T14:35:16","date_gmt":"2015-03-02T19:35:16","guid":{"rendered":"http:\/\/www.ambiente.gob.ec\/?p=24506"},"modified":"2015-03-02T14:35:16","modified_gmt":"2015-03-02T19:35:16","slug":"primer-proyecto-de-conservacion-de-vida-silvestre-en-peligro-de-extincion-se-realiza-en-el-ecuador","status":"publish","type":"post","link":"https:\/\/www.ambienteyenergia.gob.ec\/ambiente\/primer-proyecto-de-conservacion-de-vida-silvestre-en-peligro-de-extincion-se-realiza-en-el-ecuador\/","title":{"rendered":"Primer Proyecto de Conservaci\u00f3n de Vida Silvestre en Peligro de Extinci\u00f3n se realiza en el Ecuador"},"content":{"rendered":"<p style=\"text-align: justify;\">En el marco del d\u00eda mundial de la vida silvestre que se celebra el 3 de marzo, el Ministerio de Ambiente del Ecuador (MAE), a trav\u00e9s de la Direcci\u00f3n Nacional de Biodiversidad, con la colaboraci\u00f3n de Wildlife Conservation Society (WCS) y el Programa de las Naciones Unidas para el Desarrollo (PNUD), trabaja en la puesta en marcha del Proyecto \u201cDesarrollo de Enfoques de Manejo de Paisajes en el Sistema Nacional de \u00c1reas Protegidas del Ecuador para mejorar la Conservaci\u00f3n de la Vida Silvestre en Peligro de Extinci\u00f3n Mundial\u201d, con el objetivo principal de promover la conservaci\u00f3n de la vida silvestre amenazada, aplicando el enfoque de manejo de paisajes.<\/p>\n<p style=\"text-align: justify;\">Durante el proceso de dise\u00f1o del Proyecto, se seleccion\u00f3 un grupo de especies de animales que actualmente enfrentan graves amenazas para su conservaci\u00f3n (especies focales), y que requieren de estrategias urgentes para asegurar su sobrevivencia en el mediano y largo plazo; as\u00ed como tambi\u00e9n, se seleccionaron las \u00e1reas prioritarias para lograr este objetivo.<\/p>\n<p style=\"text-align: justify;\">Las especies focales del proyecto incluyen a 18 especies (12 mam\u00edferos, 4 aves, 1 reptil y 1 pez)<\/p>\n<p style=\"text-align: justify;\"><a href=\"http:\/\/www.ambienteyenergia.gob.ec\/ambiente\/wp-content\/uploads\/2015\/03\/Cuadro1.jpg\"><img loading=\"lazy\" decoding=\"async\" class=\"aligncenter size-full wp-image-24508\" src=\"http:\/\/www.ambienteyenergia.gob.ec\/ambiente\/wp-content\/uploads\/2015\/03\/Cuadro1.jpg\" alt=\"Cuadro\" width=\"426\" height=\"455\" \/><\/a><\/p>\n<p style=\"text-align: justify;\">El \u00e1rea de acci\u00f3n del proyecto cubre aproximadamente 65.000 hect\u00e1reas, distribuidas en cinco paisajes, los cuales son: Pambilar \u2013 Cotacachi Cayapas, Reserva Ecol\u00f3gica Cotacachi-Cayapas \u2013 El \u00c1ngel, Corredor Llanganates-Sangay, Corredor Cuyabeno \u2013 Yasun\u00ed y Parque Nacional Podocarpus.<\/p>\n<p style=\"text-align: justify;\">La conservaci\u00f3n a trav\u00e9s de la aplicaci\u00f3n del Enfoque de Manejo de Paisajes implica apoyar un cambio de paradigma en la gesti\u00f3n del enfoque actual de sitios de protecci\u00f3n del sistema de AP, el cual mejore las necesidades de h\u00e1bitat y de conectividad de la vida silvestre; adem\u00e1s de mejorar las acciones institucionales coordinadas para la reducci\u00f3n tanto de la caza como del comercio ilegal de la vida silvestre.<\/p>\n<p style=\"text-align: justify;\">En este sentido, el Ministerio del Ambiente a trav\u00e9s del Proyecto mencionado, ha realizado acciones como: la adquisici\u00f3n de equipos para el manejo de especies silvestres, dos campers equipados con insumos y equipos m\u00e9dicos veterinarios destinados a la atenci\u00f3n veterinaria emergente para la fauna silvestre, eventos de discusi\u00f3n sobre conflicto gente fauna y tr\u00e1fico de vida silvestre, entre otras actividades que buscan fortalecer la gesti\u00f3n de la vida silvestre a nivel nacional.<\/p>\n<p style=\"text-align: justify;\">Mientras que en este a\u00f1o se proyecta continuar con las actividades ya iniciadas en el 2014 as\u00ed como fortalecer el Sistema de Monitoreo biol\u00f3gico de las especies focales con el cual se podr\u00e1 determinar el estado de conservaci\u00f3n de las misma, brindar capacitaciones a t\u00e9cnicos provinciales del MAE en temas sobre conflictos gente fauna, tr\u00e1fico de vida silvestre, entre otros. Adem\u00e1s se proyecta abordar temas en el \u00e1mbito de la Sensibilizaci\u00f3n y Educaci\u00f3n Ambiental con las comunidades.<\/p>\n<p style=\"text-align: justify;\">Cabe mencionar tambi\u00e9n que un socio estrat\u00e9gico para el \u00e9xito del Proyecto son los GADs, tomando en cuenta que con ellos se trabajar\u00e1 en conjunto en pol\u00edticas de gesti\u00f3n y estrategias de ordenaci\u00f3n del territorio para la conservaci\u00f3n de la vida silvestre.<\/p>\n<p style=\"text-align: justify;\">EL Proyecto Paisajes &#8211; Vida Silvestre, representa un hito m\u00e1s en la gesti\u00f3n ambiental del pa\u00eds y un cambio de paradigma en la protecci\u00f3n y conservaci\u00f3n de la vida silvestre. \/\/MH<\/p>\n<p style=\"text-align: justify;\">\n<p style=\"text-align: justify;\"><strong>EL DATO<\/strong><\/p>\n<p style=\"text-align: justify;\">El Proyecto \u201cPaisajes &#8211; Vida Silvestre\u00bb y de la Unidad de Vida Silvestre La Direcci\u00f3n Nacional de Biodiversidad (DNB) del Ministerio del Ambiente llevaran a cabo una Conferencia en el marco de la celebraci\u00f3n del \u00abD\u00eda Mundial de la Vida Silvestre\u00bb.<\/p>\n<p style=\"text-align: justify;\">El evento se realizar\u00e1 el mi\u00e9rcoles 3 de marzo en el Auditorio Agust\u00edn Cueva del Ministerio de Cultura y Patrimonio (Av. Col\u00f3n E5-34 y Juan Le\u00f3n Mera) a las 15:00.<\/p>\n<p style=\"text-align: justify;\">\n<p style=\"text-align: justify;\">\n<p style=\"text-align: justify;\">\n","protected":false},"excerpt":{"rendered":"<p class=\"excerpt\">En el marco del d\u00eda mundial de la vida silvestre que se celebra el 3 de marzo, el Ministerio de Ambiente del Ecuador (MAE), a trav\u00e9s de la Direcci\u00f3n Nacional de Biodiversidad, con la colaboraci\u00f3n de Wildlife Conservation Society (WCS) y el Programa de las Naciones Unidas para el Desarrollo (PNUD), trabaja en la puesta en marcha del Proyecto \u201cDesarrollo&hellip; <a href=\"https:\/\/www.ambienteyenergia.gob.ec\/ambiente\/primer-proyecto-de-conservacion-de-vida-silvestre-en-peligro-de-extincion-se-realiza-en-el-ecuador\/\">Read more &rarr;<\/a><\/p>\n","protected":false},"author":13,"featured_media":23214,"comment_status":"open","ping_status":"open","sticky":false,"template":"","format":"standard","meta":{"footnotes":""},"categories":[16,4],"tags":[],"class_list":["post-24506","post","type-post","status-publish","format-standard","has-post-thumbnail","hentry","category-comunicamos","category-noticias","xfolkentry"],"_links":{"self":[{"href":"https:\/\/www.ambienteyenergia.gob.ec\/ambiente\/wp-json\/wp\/v2\/posts\/24506","targetHints":{"allow":["GET"]}}],"collection":[{"href":"https:\/\/www.ambienteyenergia.gob.ec\/ambiente\/wp-json\/wp\/v2\/posts"}],"about":[{"href":"https:\/\/www.ambienteyenergia.gob.ec\/ambiente\/wp-json\/wp\/v2\/types\/post"}],"author":[{"embeddable":true,"href":"https:\/\/www.ambienteyenergia.gob.ec\/ambiente\/wp-json\/wp\/v2\/users\/13"}],"replies":[{"embeddable":true,"href":"https:\/\/www.ambienteyenergia.gob.ec\/ambiente\/wp-json\/wp\/v2\/comments?post=24506"}],"version-history":[{"count":0,"href":"https:\/\/www.ambienteyenergia.gob.ec\/ambiente\/wp-json\/wp\/v2\/posts\/24506\/revisions"}],"wp:featuredmedia":[{"embeddable":true,"href":"https:\/\/www.ambienteyenergia.gob.ec\/ambiente\/wp-json\/wp\/v2\/media\/23214"}],"wp:attachment":[{"href":"https:\/\/www.ambienteyenergia.gob.ec\/ambiente\/wp-json\/wp\/v2\/media?parent=24506"}],"wp:term":[{"taxonomy":"category","embeddable":true,"href":"https:\/\/www.ambienteyenergia.gob.ec\/ambiente\/wp-json\/wp\/v2\/categories?post=24506"},{"taxonomy":"post_tag","embeddable":true,"href":"https:\/\/www.ambienteyenergia.gob.ec\/ambiente\/wp-json\/wp\/v2\/tags?post=24506"}],"curies":[{"name":"wp","href":"https:\/\/api.w.org\/{rel}","templated":true}]}}