{"id":24493,"date":"2015-02-28T17:14:03","date_gmt":"2015-02-28T22:14:03","guid":{"rendered":"http:\/\/www.ambiente.gob.ec\/?p=24493"},"modified":"2015-02-28T17:14:03","modified_gmt":"2015-02-28T22:14:03","slug":"tres-especimenes-de-vida-silvestre-fueron-liberados-en-los-ilinizas","status":"publish","type":"post","link":"https:\/\/www.ambienteyenergia.gob.ec\/ambiente\/tres-especimenes-de-vida-silvestre-fueron-liberados-en-los-ilinizas\/","title":{"rendered":"Tres espec\u00edmenes de vida silvestre fueron liberados en los Ilinizas"},"content":{"rendered":"<p>Durante los tres \u00faltimos meses de 2014, tres espec\u00edmenes de vida silvestre fueron rescatados en Cotopaxi por personal t\u00e9cnico del Ministerio del Ambiente, con el apoyo de miembros de la Unidad de Protecci\u00f3n del Medio Ambiente (UPMA) de la Polic\u00eda Nacional y de la ciudadan\u00eda.<\/p>\n<p>Un perezoso de dos dedos y un tortuga mordedora, rescatados en La Man\u00e1, y un perezoso de tres dedos rescatado en Mej\u00eda de Aloas\u00ed fueron liberados en el Bosque Nublado Subtropical Zona Baja de la Reserva Ecol\u00f3gica Los Ilinizas, bajo normas t\u00e9cnicas y de seguridad.<\/p>\n<p>Al momento de su rescate estos espec\u00edmenes presentaban \u00f3ptimas condiciones de salud, por lo cual fueron trasladados al Centro de Vida Silvestre Yakusinchi, en donde permanecieron en per\u00edodo de cuarentena para ser observados y verificar sus condiciones positivas de adaptaci\u00f3n al medio silvestre.<\/p>\n<p>Luego de este proceso, y previa revisi\u00f3n y autorizaci\u00f3n del m\u00e9dico veterinario del Centro de Rescate, personal t\u00e9cnico determin\u00f3 que los espec\u00edmenes pod\u00edan ser liberados en su h\u00e1bitat natural.<\/p>\n<p>Esta Cartera de Estado trabaja de manera permanente en la protecci\u00f3n de nuestro patrimonio natural, con el fin de evitar la tenencia, caza o comercializaci\u00f3n de espec\u00edmenes de vida silvestre. Este es un compromiso de responsabilidad ciudadana que cada vez suma esfuerzos para cuidar nuestro ambiente.\/gm-ds<\/p>\n","protected":false},"excerpt":{"rendered":"<p class=\"excerpt\">Durante los tres \u00faltimos meses de 2014, tres espec\u00edmenes de vida silvestre fueron rescatados en Cotopaxi por personal t\u00e9cnico del Ministerio del Ambiente, con el apoyo de miembros de la Unidad de Protecci\u00f3n del Medio Ambiente (UPMA) de la Polic\u00eda Nacional y de la ciudadan\u00eda. Un perezoso de dos dedos y un tortuga mordedora, rescatados en La Man\u00e1, y un&hellip; <a href=\"https:\/\/www.ambienteyenergia.gob.ec\/ambiente\/tres-especimenes-de-vida-silvestre-fueron-liberados-en-los-ilinizas\/\">Read more &rarr;<\/a><\/p>\n","protected":false},"author":13,"featured_media":24494,"comment_status":"open","ping_status":"open","sticky":false,"template":"","format":"standard","meta":{"footnotes":""},"categories":[16,4],"tags":[457,108,53,408],"class_list":["post-24493","post","type-post","status-publish","format-standard","has-post-thumbnail","hentry","category-comunicamos","category-noticias","tag-liberacion","tag-lorena-tapia","tag-mae","tag-vida-silvestre","xfolkentry"],"_links":{"self":[{"href":"https:\/\/www.ambienteyenergia.gob.ec\/ambiente\/wp-json\/wp\/v2\/posts\/24493","targetHints":{"allow":["GET"]}}],"collection":[{"href":"https:\/\/www.ambienteyenergia.gob.ec\/ambiente\/wp-json\/wp\/v2\/posts"}],"about":[{"href":"https:\/\/www.ambienteyenergia.gob.ec\/ambiente\/wp-json\/wp\/v2\/types\/post"}],"author":[{"embeddable":true,"href":"https:\/\/www.ambienteyenergia.gob.ec\/ambiente\/wp-json\/wp\/v2\/users\/13"}],"replies":[{"embeddable":true,"href":"https:\/\/www.ambienteyenergia.gob.ec\/ambiente\/wp-json\/wp\/v2\/comments?post=24493"}],"version-history":[{"count":0,"href":"https:\/\/www.ambienteyenergia.gob.ec\/ambiente\/wp-json\/wp\/v2\/posts\/24493\/revisions"}],"wp:featuredmedia":[{"embeddable":true,"href":"https:\/\/www.ambienteyenergia.gob.ec\/ambiente\/wp-json\/wp\/v2\/media\/24494"}],"wp:attachment":[{"href":"https:\/\/www.ambienteyenergia.gob.ec\/ambiente\/wp-json\/wp\/v2\/media?parent=24493"}],"wp:term":[{"taxonomy":"category","embeddable":true,"href":"https:\/\/www.ambienteyenergia.gob.ec\/ambiente\/wp-json\/wp\/v2\/categories?post=24493"},{"taxonomy":"post_tag","embeddable":true,"href":"https:\/\/www.ambienteyenergia.gob.ec\/ambiente\/wp-json\/wp\/v2\/tags?post=24493"}],"curies":[{"name":"wp","href":"https:\/\/api.w.org\/{rel}","templated":true}]}}