{"id":24486,"date":"2015-02-28T12:25:57","date_gmt":"2015-02-28T17:25:57","guid":{"rendered":"http:\/\/www.ambiente.gob.ec\/?p=24486"},"modified":"2015-03-02T09:52:45","modified_gmt":"2015-03-02T14:52:45","slug":"un-tigrillo-fue-liberado-en-rio-cristal-pastaza","status":"publish","type":"post","link":"https:\/\/www.ambienteyenergia.gob.ec\/ambiente\/un-tigrillo-fue-liberado-en-rio-cristal-pastaza\/","title":{"rendered":"Un tigrillo fue liberado en  R\u00edo Cristal, Pastaza"},"content":{"rendered":"<p class=\"western\" lang=\"es-MX\">Un tigrillo rescatado el pasado enero en R\u00edo Negro del cant\u00f3n Ba\u00f1os de Agua Santa, por personal t\u00e9cnico de la Direcci\u00f3n Provincial del Ambiente de Chimborazo fue liberado en su h\u00e1bitat natural en el sector de R\u00edo Cristal.<\/p>\n<p class=\"western\" lang=\"es-MX\">Luego de permanecer por 21 d\u00edas en el Centro de Rescate Eco zool\u00f3gico San Mart\u00edn bajo estrictos controles veterinarios para garantizar su adecuada recuperaci\u00f3n pues al momento de su rescate present\u00f3 un infecci\u00f3n cut\u00e1nea, que fue tratada en la cl\u00ednica del centro.<\/p>\n<p class=\"western\" lang=\"es-MX\">Para su liberaci\u00f3n se realiz\u00f3 un estudio de las posibles zonas optimas que servir\u00edan para que el felino reingrese a su habitad sin ning\u00fan problema. Se escogi\u00f3 un sector no habitado por seres humanos, con abundante vegetaci\u00f3n, con muchas fuentes de agua, cerca del Rio Pastaza, en la Parroquia de Rio Negro, distante del sitio donde fue rescatado.<\/p>\n<p class=\"western\" lang=\"es-MX\">Luego de la valoraci\u00f3n y el alta veterinaria, el tigrillo fue liberado en su h\u00e1bitat natural, para lo cual se instalaron trampas c\u00e1mara en los predios de la fundaci\u00f3n Ecominga que permitir\u00e1n realizar un seguimiento y monitoreo permanente del felino, con lo que se garantiza una adecuada adaptabilidad y respuesta del personal de esta Cartera de Estado que supervisa a este esp\u00e9cimen.<\/p>\n<p class=\"western\" lang=\"es-MX\">inici\u00f3 el seguimiento y monitoreo del felino a trav\u00e9s de trampas c\u00e1maras que fueron instaladas en la zona, dentro de predios que pertenecen a la fundaci\u00f3n Ecominga.<\/p>\n<p class=\"western\" lang=\"es-MX\">El compromiso ciudadano, de fundaciones y el trabajo permanente del Ministerio del Ambiente de Ecuador permite conservar, proteger y generar procesos de reinserci\u00f3n de espec\u00edmenes silvestres rescatados a su h\u00e1bitat natural, con el objetivo de garantizar los Derechos de la Naturaleza, en un Ecuador Verde.\/da-ds<\/p>\n","protected":false},"excerpt":{"rendered":"<p class=\"excerpt\">Un tigrillo rescatado el pasado enero en R\u00edo Negro del cant\u00f3n Ba\u00f1os de Agua Santa, por personal t\u00e9cnico de la Direcci\u00f3n Provincial del Ambiente de Chimborazo fue liberado en su h\u00e1bitat natural en el sector de R\u00edo Cristal. Luego de permanecer por 21 d\u00edas en el Centro de Rescate Eco zool\u00f3gico San Mart\u00edn bajo estrictos controles veterinarios para garantizar su&hellip; <a href=\"https:\/\/www.ambienteyenergia.gob.ec\/ambiente\/un-tigrillo-fue-liberado-en-rio-cristal-pastaza\/\">Read more &rarr;<\/a><\/p>\n","protected":false},"author":13,"featured_media":24487,"comment_status":"open","ping_status":"open","sticky":false,"template":"","format":"standard","meta":{"footnotes":""},"categories":[16,4],"tags":[457,108,53,471,408],"class_list":["post-24486","post","type-post","status-publish","format-standard","has-post-thumbnail","hentry","category-comunicamos","category-noticias","tag-liberacion","tag-lorena-tapia","tag-mae","tag-tigrillo","tag-vida-silvestre","xfolkentry"],"_links":{"self":[{"href":"https:\/\/www.ambienteyenergia.gob.ec\/ambiente\/wp-json\/wp\/v2\/posts\/24486","targetHints":{"allow":["GET"]}}],"collection":[{"href":"https:\/\/www.ambienteyenergia.gob.ec\/ambiente\/wp-json\/wp\/v2\/posts"}],"about":[{"href":"https:\/\/www.ambienteyenergia.gob.ec\/ambiente\/wp-json\/wp\/v2\/types\/post"}],"author":[{"embeddable":true,"href":"https:\/\/www.ambienteyenergia.gob.ec\/ambiente\/wp-json\/wp\/v2\/users\/13"}],"replies":[{"embeddable":true,"href":"https:\/\/www.ambienteyenergia.gob.ec\/ambiente\/wp-json\/wp\/v2\/comments?post=24486"}],"version-history":[{"count":0,"href":"https:\/\/www.ambienteyenergia.gob.ec\/ambiente\/wp-json\/wp\/v2\/posts\/24486\/revisions"}],"wp:featuredmedia":[{"embeddable":true,"href":"https:\/\/www.ambienteyenergia.gob.ec\/ambiente\/wp-json\/wp\/v2\/media\/24487"}],"wp:attachment":[{"href":"https:\/\/www.ambienteyenergia.gob.ec\/ambiente\/wp-json\/wp\/v2\/media?parent=24486"}],"wp:term":[{"taxonomy":"category","embeddable":true,"href":"https:\/\/www.ambienteyenergia.gob.ec\/ambiente\/wp-json\/wp\/v2\/categories?post=24486"},{"taxonomy":"post_tag","embeddable":true,"href":"https:\/\/www.ambienteyenergia.gob.ec\/ambiente\/wp-json\/wp\/v2\/tags?post=24486"}],"curies":[{"name":"wp","href":"https:\/\/api.w.org\/{rel}","templated":true}]}}