{"id":24479,"date":"2015-02-25T15:23:40","date_gmt":"2015-02-25T20:23:40","guid":{"rendered":"http:\/\/www.ambiente.gob.ec\/?p=24479"},"modified":"2015-02-26T16:28:35","modified_gmt":"2015-02-26T21:28:35","slug":"mae-y-ecorae-firman-convenio-para-la-ejecucion-y-difusion-del-programa-nacional-de-reforestacion-en-la-amazonia","status":"publish","type":"post","link":"https:\/\/www.ambienteyenergia.gob.ec\/ambiente\/mae-y-ecorae-firman-convenio-para-la-ejecucion-y-difusion-del-programa-nacional-de-reforestacion-en-la-amazonia\/","title":{"rendered":"MAE y ECORAE firman convenio para la Ejecuci\u00f3n y Difusi\u00f3n del Programa Nacional de Reforestaci\u00f3n en la Amazon\u00eda"},"content":{"rendered":"<p style=\"text-align: justify;\">El pasado lunes 23 de febrero el Ministerio del Ambiente, firm\u00f3 un convenio con el Instituto para el Ecodesarrollo Regional Amaz\u00f3nico- ECORAE, en el cual las dos instancias se comprometen a trabajar conjuntamente en la implementaci\u00f3n y difusi\u00f3n del Programa Nacional de Restauraci\u00f3n (PNR) en la Amazon\u00eda.<\/p>\n<p style=\"text-align: justify;\">Este trabajo mancomunado establecer\u00e1 el marco operacional para la implementaci\u00f3n de programas de restauraci\u00f3n forestal que aporten de forma efectiva a la conservaci\u00f3n y recuperaci\u00f3n de los servicios ecosist\u00e9micos, as\u00ed como tambi\u00e9n al manejo sustentable de los recursos forestales y la integraci\u00f3n territorial, todo este proceso con la finalidad de trabajar para conseguir un Ecuador Verde.<\/p>\n<p style=\"text-align: justify;\">El Ing. C\u00e9sar Grefa, Director Provincial de ECORAE de la provincia del Napo, resalt\u00f3 la importancia de firmar el convenio, ya que \u00e9ste permitir\u00e1 trabajar coordinadamente con los Gobiernos Aut\u00f3nomos parroquiales, provinciales y cantonales, as\u00ed como tambi\u00e9n con las nacionalidades ind\u00edgenas y las organizaciones sociales de la regi\u00f3n amaz\u00f3nica en acciones que permitan la restauraci\u00f3n forestal.<\/p>\n<p style=\"text-align: justify;\">Adem\u00e1s, Grefa, recalc\u00f3: \u201cGracias a la nueva constituci\u00f3n, ahora la naturaleza es como un ser humano, tiene sus derechos y por lo tanto no podemos afectarla sino recuperarla\u201d. La puesta en marcha de las acciones planteadas por el PNR, permitir\u00e1 contrarrestar la degradaci\u00f3n ambiental desarrollando actividades enfocadas en la conservaci\u00f3n mediante la restauraci\u00f3n forestal.<\/p>\n<p style=\"text-align: justify;\"><strong>El dato<\/strong><\/p>\n<p style=\"text-align: justify;\">El proyecto Plan Nacional de Restauraci\u00f3n Forestal, en el a\u00f1o 2014 restaur\u00f3 143.611,33 hect\u00e1reas en el pa\u00eds, un hito hist\u00f3rico que incluso fue reconocido internacionalmente en el marco de la COP 20 de Cambio Clim\u00e1tico en Lima.<\/p>\n","protected":false},"excerpt":{"rendered":"<p class=\"excerpt\">El pasado lunes 23 de febrero el Ministerio del Ambiente, firm\u00f3 un convenio con el Instituto para el Ecodesarrollo Regional Amaz\u00f3nico- ECORAE, en el cual las dos instancias se comprometen a trabajar conjuntamente en la implementaci\u00f3n y difusi\u00f3n del Programa Nacional de Restauraci\u00f3n (PNR) en la Amazon\u00eda. Este trabajo mancomunado establecer\u00e1 el marco operacional para la implementaci\u00f3n de programas de&hellip; <a href=\"https:\/\/www.ambienteyenergia.gob.ec\/ambiente\/mae-y-ecorae-firman-convenio-para-la-ejecucion-y-difusion-del-programa-nacional-de-reforestacion-en-la-amazonia\/\">Read more &rarr;<\/a><\/p>\n","protected":false},"author":13,"featured_media":24480,"comment_status":"open","ping_status":"open","sticky":false,"template":"","format":"standard","meta":{"footnotes":""},"categories":[16,4],"tags":[],"class_list":["post-24479","post","type-post","status-publish","format-standard","has-post-thumbnail","hentry","category-comunicamos","category-noticias","xfolkentry"],"_links":{"self":[{"href":"https:\/\/www.ambienteyenergia.gob.ec\/ambiente\/wp-json\/wp\/v2\/posts\/24479","targetHints":{"allow":["GET"]}}],"collection":[{"href":"https:\/\/www.ambienteyenergia.gob.ec\/ambiente\/wp-json\/wp\/v2\/posts"}],"about":[{"href":"https:\/\/www.ambienteyenergia.gob.ec\/ambiente\/wp-json\/wp\/v2\/types\/post"}],"author":[{"embeddable":true,"href":"https:\/\/www.ambienteyenergia.gob.ec\/ambiente\/wp-json\/wp\/v2\/users\/13"}],"replies":[{"embeddable":true,"href":"https:\/\/www.ambienteyenergia.gob.ec\/ambiente\/wp-json\/wp\/v2\/comments?post=24479"}],"version-history":[{"count":0,"href":"https:\/\/www.ambienteyenergia.gob.ec\/ambiente\/wp-json\/wp\/v2\/posts\/24479\/revisions"}],"wp:featuredmedia":[{"embeddable":true,"href":"https:\/\/www.ambienteyenergia.gob.ec\/ambiente\/wp-json\/wp\/v2\/media\/24480"}],"wp:attachment":[{"href":"https:\/\/www.ambienteyenergia.gob.ec\/ambiente\/wp-json\/wp\/v2\/media?parent=24479"}],"wp:term":[{"taxonomy":"category","embeddable":true,"href":"https:\/\/www.ambienteyenergia.gob.ec\/ambiente\/wp-json\/wp\/v2\/categories?post=24479"},{"taxonomy":"post_tag","embeddable":true,"href":"https:\/\/www.ambienteyenergia.gob.ec\/ambiente\/wp-json\/wp\/v2\/tags?post=24479"}],"curies":[{"name":"wp","href":"https:\/\/api.w.org\/{rel}","templated":true}]}}