{"id":24475,"date":"2015-02-26T12:45:25","date_gmt":"2015-02-26T17:45:25","guid":{"rendered":"http:\/\/www.ambiente.gob.ec\/?p=24475"},"modified":"2015-03-02T10:36:20","modified_gmt":"2015-03-02T15:36:20","slug":"reserva-biologica-colonso-chalupas","status":"publish","type":"post","link":"https:\/\/www.ambienteyenergia.gob.ec\/ambiente\/reserva-biologica-colonso-chalupas\/","title":{"rendered":"Reserva Biol\u00f3gica Colonso Chalupas"},"content":{"rendered":"<p style=\"text-align: justify;\"><strong>Provincia<\/strong><\/p>\n<p style=\"text-align: justify;\">Napo<\/p>\n<p style=\"text-align: justify;\"><strong>Extensi\u00f3n A\u00f1o de creaci\u00f3n<\/strong><\/p>\n<p style=\"text-align: justify;\">93.246 hect\u00e1reas 2014<\/p>\n<p style=\"text-align: justify;\"><strong>Rango altitudinal<\/strong><\/p>\n<p style=\"text-align: justify;\">477 \u2013 4.480 metros de altitud<\/p>\n<p style=\"text-align: justify;\">Se ubica en los cantones de Archidona y Tena, entre la Reserva Ecol\u00f3gica Antisana y el Parque Nacional Llanganates, y de esta manera conforma un corredor natural en la zona alta de la cuenca amaz\u00f3nica.<\/p>\n<p style=\"text-align: justify;\">Esta reserva protege la cuenca de los r\u00edos Colonso, Tena, Shiti e Inchillaqui, y alberga ecosistemas que van desde las tierras bajas amaz\u00f3nicas hasta zonas de p\u00e1ramo en la partes m\u00e1s altas. Este territorio guarda una inmensa diversidad de flora y fauna, y sus ecosistemas brindan importantes servicios ambientales para la provincia del Napo, principalmente relacionadas con la provisi\u00f3n de agua. Su topograf\u00eda muy irregular ha permitido que se haya mantenido a trav\u00e9s del tiempo y se encuentre en buen estado de conservaci\u00f3n. Su gran biodiversidad y singulares paisajes poseen un gran potencial tur\u00edstico. No existen grandes centros poblados cerca del \u00e1rea protegida; sin embargo, hay poblaciones kichwas y mestizas ubicadas en la zona de amortiguamiento que se dedican a actividades agr\u00edcolas y pecuarias.<\/p>\n<p style=\"text-align: justify;\"><strong>Geograf\u00eda<\/strong><\/p>\n<p style=\"text-align: justify;\"><strong>\u00a0<\/strong><\/p>\n<p style=\"text-align: justify;\">El \u00e1rea contribuye a la conservaci\u00f3n de la cabecera de la cuenca amaz\u00f3nica y a los ecosistemas de p\u00e1ramos y bosques montanos orientales. Presenta fuertes pendientes que originan un relieve bastante irregular, con numerosas quebradas que recogen la alta precipitaci\u00f3n de los bosques, alimentando caudalosos y cristalinos r\u00edos como son el Tena, el Chalupas y el Colonso; los dos \u00faltimos dan nombre al \u00e1rea debido a su importancia en el territorio. Estos r\u00edos forman parte de la vertiente oriental de la cordillera de los Andes conocida en el sector como Guacamayos.<\/p>\n<p style=\"text-align: justify;\"><strong>Biodiversidad<\/strong><\/p>\n<p style=\"text-align: justify;\">Colonso \u2013 Chalupas protege principalmente p\u00e1ramos y bosques montanos de las estribaciones amaz\u00f3nicas. En los bosques existen \u00e1rboles de m\u00e1s de 400 a\u00f1os de edad, tiempo que demoraron en alcanzar di\u00e1metros superiores a 1 m; los chuchos, por ejemplo, tienen una de las copas m\u00e1s altas de bosque, y en ellos vive una importante variedad de aves. Adem\u00e1s, dentro del bosque a\u00fan se pueden observar \u00e1rboles de canelo e ishpingo, que son saborizantes naturales. El canelo es un \u00e1rbol con madera de consistencia dura, que era extra\u00eddo para la construcci\u00f3n de casas. Hasta la fecha se ha registrado 40 frutos comestibles dentro de esta \u00e1rea. Una palma que tiene varios usos es el pambil: antes se usaban las hojas para hacer flechas de cacer\u00eda, sus frutos se usan para hacer artesan\u00edas, y de sus troncos se recolecta el chontacuro, una larva comestible. Dentro de la fauna destaca el grupo de los anfibios; precisamente una de sus especies, la rana venenosa ventrimanchada (<em>Dendrobates ventrimaculatus<\/em>), se encuentra representada en el logotipo del \u00e1rea protegida.<\/p>\n<p style=\"text-align: justify;\"><strong>Principales atractivos<\/strong><\/p>\n<p style=\"text-align: justify;\">Los principales recursos y atractivos del \u00e1rea son la gran diversidad que existe en los bosques montanos amaz\u00f3nicos y las zonas de gran valor paisaj\u00edstico y recreativo como los r\u00edos y enca\u00f1onados. Sin embargo, por la falta de v\u00edas de acceso, no se puede llegar a la mayor\u00eda de estos lugares.<\/p>\n<p style=\"text-align: justify;\">Por lo tanto, su principal valor para la recreaci\u00f3n y el turismo es paisaj\u00edstico,<\/p>\n<p style=\"text-align: justify;\">al contar con amplias zonas monta\u00f1osas cubiertas de vegetaci\u00f3n nativa. Esto se puede observar en el sector denominado Guacamayos, en la v\u00eda Baeza \u2013 Archidona; esta zona casi siempre est\u00e1 cubierta por una densa neblina donde ahora sabemos se esconde un bosque diverso y lleno de vida.<\/p>\n<p style=\"text-align: justify;\"><strong>\u00a0<\/strong><\/p>\n<p style=\"text-align: justify;\"><strong>Actividades permitidas:<\/strong> Fotograf\u00eda Caminatas Excursi\u00f3n en selva<\/p>\n<p style=\"text-align: justify;\"><strong>\u00bfC\u00f3mo llegar?<\/strong><\/p>\n<p style=\"text-align: justify;\">Desde Quito. Se debe llegar a la ciudad del Tena, sector Aeropuerto viejo, desde donde se sigue por la v\u00eda de primer orden pasando por Muyuna \u2013 Comunidad de Atacapi; luego de aproximadamente 25 kil\u00f3metros y 15 minutos de recorrido, se llega a la Universidad IKIAM. Desde este punto se sigue una v\u00eda de tercer orden al sector Alto Tena y se pasa por el sector de la Y; luego de aproximadamente 3 kil\u00f3metros y 5 minutos se alcanza el r\u00edo Colonso, donde se encuentran los tanques de captaci\u00f3n de agua para la ciudad del Tena. Desde este punto se puede ingresar a los senderos del bosque.<\/p>\n<p style=\"text-align: justify;\"><strong>\u00a0<\/strong><\/p>\n<p style=\"text-align: justify;\"><strong>Facilidades existentes<\/strong><\/p>\n<p style=\"text-align: justify;\">Debido a que es un \u00e1rea recientemente creada no cuenta con facilidades para la visita tur\u00edstica. La visita con fines cient\u00edficos y de investigaci\u00f3n debe ser solicitada y coordinada con el Ministerio del Ambiente.<\/p>\n<p style=\"text-align: justify;\">Al lado oriental del \u00e1rea protegida, en lo que antes fuera el Bosque Protector Colonso, existen varios senderos que suman una longitud superior a 10 km y un mirador con potencial tur\u00edstico, desde donde se puede apreciar la ciudad del Tena<\/p>\n<p style=\"text-align: justify;\"><strong>Recomendaciones<\/strong><\/p>\n<p style=\"text-align: justify;\">Vestimenta. Zona alta: ropa abrigada, poncho de aguas o chompa impermeable en caso de lluvia o gar\u00faa. Calzado apropiado, tipo botines de media ca\u00f1a en caso de caminatas medianas o largas. Zona baja: ropa ligera y botas de caucho para caminar en los senderos del \u00e1rea.<\/p>\n<p style=\"text-align: justify;\"><strong>\u00a0<\/strong><\/p>\n<p style=\"text-align: justify;\"><strong>Contactos<\/strong><\/p>\n<p style=\"text-align: justify;\">Ministerio del Ambiente\/Direcci\u00f3n Provincial de Napo.<\/p>\n<p style=\"text-align: justify;\">Av. Antonio Vallejo v\u00eda al Cementerio nuevo. Tena. Provincia de Napo.<\/p>\n<p style=\"text-align: justify;\">Tel\u00e9fono: (06) 288-7154 \/ (06) 287-0077.<\/p>\n<p style=\"text-align: justify;\">\n<p style=\"text-align: justify;\">SJ<\/p>\n","protected":false},"excerpt":{"rendered":"<p class=\"excerpt\">Provincia Napo Extensi\u00f3n A\u00f1o de creaci\u00f3n 93.246 hect\u00e1reas 2014 Rango altitudinal 477 \u2013 4.480 metros de altitud Se ubica en los cantones de Archidona y Tena, entre la Reserva Ecol\u00f3gica Antisana y el Parque Nacional Llanganates, y de esta manera conforma un corredor natural en la zona alta de la cuenca amaz\u00f3nica. Esta reserva protege la cuenca de los r\u00edos&hellip; <a href=\"https:\/\/www.ambienteyenergia.gob.ec\/ambiente\/reserva-biologica-colonso-chalupas\/\">Read more &rarr;<\/a><\/p>\n","protected":false},"author":13,"featured_media":23214,"comment_status":"open","ping_status":"open","sticky":false,"template":"","format":"standard","meta":{"footnotes":""},"categories":[16,4],"tags":[],"class_list":["post-24475","post","type-post","status-publish","format-standard","has-post-thumbnail","hentry","category-comunicamos","category-noticias","xfolkentry"],"_links":{"self":[{"href":"https:\/\/www.ambienteyenergia.gob.ec\/ambiente\/wp-json\/wp\/v2\/posts\/24475","targetHints":{"allow":["GET"]}}],"collection":[{"href":"https:\/\/www.ambienteyenergia.gob.ec\/ambiente\/wp-json\/wp\/v2\/posts"}],"about":[{"href":"https:\/\/www.ambienteyenergia.gob.ec\/ambiente\/wp-json\/wp\/v2\/types\/post"}],"author":[{"embeddable":true,"href":"https:\/\/www.ambienteyenergia.gob.ec\/ambiente\/wp-json\/wp\/v2\/users\/13"}],"replies":[{"embeddable":true,"href":"https:\/\/www.ambienteyenergia.gob.ec\/ambiente\/wp-json\/wp\/v2\/comments?post=24475"}],"version-history":[{"count":0,"href":"https:\/\/www.ambienteyenergia.gob.ec\/ambiente\/wp-json\/wp\/v2\/posts\/24475\/revisions"}],"wp:featuredmedia":[{"embeddable":true,"href":"https:\/\/www.ambienteyenergia.gob.ec\/ambiente\/wp-json\/wp\/v2\/media\/23214"}],"wp:attachment":[{"href":"https:\/\/www.ambienteyenergia.gob.ec\/ambiente\/wp-json\/wp\/v2\/media?parent=24475"}],"wp:term":[{"taxonomy":"category","embeddable":true,"href":"https:\/\/www.ambienteyenergia.gob.ec\/ambiente\/wp-json\/wp\/v2\/categories?post=24475"},{"taxonomy":"post_tag","embeddable":true,"href":"https:\/\/www.ambienteyenergia.gob.ec\/ambiente\/wp-json\/wp\/v2\/tags?post=24475"}],"curies":[{"name":"wp","href":"https:\/\/api.w.org\/{rel}","templated":true}]}}