{"id":24472,"date":"2015-02-26T08:17:40","date_gmt":"2015-02-26T13:17:40","guid":{"rendered":"http:\/\/www.ambiente.gob.ec\/?p=24472"},"modified":"2015-02-26T08:17:40","modified_gmt":"2015-02-26T13:17:40","slug":"mae-fortalece-las-capacidades-tecnicas-del-personal-de-la-direccion-provincial-de-ambiente-de-zamora-chinchipe","status":"publish","type":"post","link":"https:\/\/www.ambienteyenergia.gob.ec\/ambiente\/mae-fortalece-las-capacidades-tecnicas-del-personal-de-la-direccion-provincial-de-ambiente-de-zamora-chinchipe\/","title":{"rendered":"MAE fortalece las capacidades t\u00e9cnicas del personal de la Direcci\u00f3n Provincial de Ambiente de Zamora Chinchipe"},"content":{"rendered":"<p style=\"text-align: justify;\">El Ministerio del Ambiente del Ecuador (MAE) en el \u00e1mbito de sus competencias y con el fin de fortalecer la gesti\u00f3n, manejo y conservaci\u00f3n de los ecosistemas del pa\u00eds; llev\u00f3 adelante un Taller de capacitaci\u00f3n en Fotograf\u00eda Social y de Naturaleza, dirigido al personal de la Direcci\u00f3n Provincial de Zamora Chinchipe.<\/p>\n<p style=\"text-align: justify;\">La idea es que despu\u00e9s de dicha capacitaci\u00f3n se pueda fortalecer el trabajo de registro fotogr\u00e1fico en las actividades de campo y elaboraci\u00f3n de informes; en miras a desarrollar proyectos a futuro en beneficio de la conservaci\u00f3n de la vida silvestre.<\/p>\n<p style=\"text-align: justify;\">En este contexto, la Direcci\u00f3n Provincial de Ambiente de Zamora Chinchipe, a trav\u00e9s de la Unidad de Patrimonio Natural conjuntamente, socializ\u00f3 e instruy\u00f3 a los servidores respecto al manejo adecuado de la c\u00e1mara, tipos de fotograf\u00edas y actividades pr\u00e1cticas en campo; logrando obtener una nueva perspectiva de la fotograf\u00eda con tem\u00e1ticas de medio ambiente.<\/p>\n<p style=\"text-align: justify;\">El Taller de capacitaci\u00f3n en Fotograf\u00eda Social y de Naturaleza, se realiz\u00f3 en el Parque Nacional Podocarpus Zona Baja, con la presencia de 13 servidores de la instituci\u00f3n.<\/p>\n<p style=\"text-align: justify;\">A trav\u00e9s de estas capacitaciones el MAE busca impartir conocimientos y desarrollar habilidades, que ayuden a fortalecer el trabajo que realiza esta Cartera de Estado en beneficio al medio ambiente. \/\/MH<\/p>\n<p style=\"text-align: justify;\">\n","protected":false},"excerpt":{"rendered":"<p class=\"excerpt\">El Ministerio del Ambiente del Ecuador (MAE) en el \u00e1mbito de sus competencias y con el fin de fortalecer la gesti\u00f3n, manejo y conservaci\u00f3n de los ecosistemas del pa\u00eds; llev\u00f3 adelante un Taller de capacitaci\u00f3n en Fotograf\u00eda Social y de Naturaleza, dirigido al personal de la Direcci\u00f3n Provincial de Zamora Chinchipe. La idea es que despu\u00e9s de dicha capacitaci\u00f3n se&hellip; <a href=\"https:\/\/www.ambienteyenergia.gob.ec\/ambiente\/mae-fortalece-las-capacidades-tecnicas-del-personal-de-la-direccion-provincial-de-ambiente-de-zamora-chinchipe\/\">Read more &rarr;<\/a><\/p>\n","protected":false},"author":13,"featured_media":24473,"comment_status":"open","ping_status":"open","sticky":false,"template":"","format":"standard","meta":{"footnotes":""},"categories":[16,4],"tags":[],"class_list":["post-24472","post","type-post","status-publish","format-standard","has-post-thumbnail","hentry","category-comunicamos","category-noticias","xfolkentry"],"_links":{"self":[{"href":"https:\/\/www.ambienteyenergia.gob.ec\/ambiente\/wp-json\/wp\/v2\/posts\/24472","targetHints":{"allow":["GET"]}}],"collection":[{"href":"https:\/\/www.ambienteyenergia.gob.ec\/ambiente\/wp-json\/wp\/v2\/posts"}],"about":[{"href":"https:\/\/www.ambienteyenergia.gob.ec\/ambiente\/wp-json\/wp\/v2\/types\/post"}],"author":[{"embeddable":true,"href":"https:\/\/www.ambienteyenergia.gob.ec\/ambiente\/wp-json\/wp\/v2\/users\/13"}],"replies":[{"embeddable":true,"href":"https:\/\/www.ambienteyenergia.gob.ec\/ambiente\/wp-json\/wp\/v2\/comments?post=24472"}],"version-history":[{"count":0,"href":"https:\/\/www.ambienteyenergia.gob.ec\/ambiente\/wp-json\/wp\/v2\/posts\/24472\/revisions"}],"wp:featuredmedia":[{"embeddable":true,"href":"https:\/\/www.ambienteyenergia.gob.ec\/ambiente\/wp-json\/wp\/v2\/media\/24473"}],"wp:attachment":[{"href":"https:\/\/www.ambienteyenergia.gob.ec\/ambiente\/wp-json\/wp\/v2\/media?parent=24472"}],"wp:term":[{"taxonomy":"category","embeddable":true,"href":"https:\/\/www.ambienteyenergia.gob.ec\/ambiente\/wp-json\/wp\/v2\/categories?post=24472"},{"taxonomy":"post_tag","embeddable":true,"href":"https:\/\/www.ambienteyenergia.gob.ec\/ambiente\/wp-json\/wp\/v2\/tags?post=24472"}],"curies":[{"name":"wp","href":"https:\/\/api.w.org\/{rel}","templated":true}]}}