{"id":24469,"date":"2015-02-25T14:23:03","date_gmt":"2015-02-25T19:23:03","guid":{"rendered":"http:\/\/www.ambiente.gob.ec\/?p=24469"},"modified":"2015-02-25T14:23:03","modified_gmt":"2015-02-25T19:23:03","slug":"tortuga-mordedora-fue-rescatada-en-bolivar-2","status":"publish","type":"post","link":"https:\/\/www.ambienteyenergia.gob.ec\/ambiente\/tortuga-mordedora-fue-rescatada-en-bolivar-2\/","title":{"rendered":"Tortuga Mordedora fue rescatada en Bol\u00edvar"},"content":{"rendered":"<p class=\"western\">Como resultado de un trabajo conjunto que realiza el Ministerio del Ambiente de Ecuador (MAE) y la Unidad de Protecci\u00f3n del Medio Ambiente (UPMA) de la Polic\u00eda Nacional se logr\u00f3 rescatar una tortuga que se encontraba en las inmediaciones de la v\u00eda Echeand\u00eda \u2013 Guaranda.<\/p>\n<p class=\"western\">Personal t\u00e9cnico de esta Cartera de Estado procedi\u00f3 a realizar la respectiva valoraci\u00f3n veterinaria para determinar su estado f\u00edsico y de salud, con el objetivo de establecer el procedimiento a seguir.<\/p>\n<p class=\"western\">Luego de la revisi\u00f3n y verificaci\u00f3n se pudo conocer que este esp\u00e9cimen es una tortuga<i> <\/i>Mordedora (<i>Chelydra acutirostris<\/i>), misma que se encontraba en buenas condiciones de salud.<\/p>\n<p class=\"western\">La tortuga ser\u00e1 trasladada, bajo estrictas normas t\u00e9cnicas, a la Direcci\u00f3n Provincial del Ambiente del Guayas con el objetivo de ser ubicada en un Centro de Vida Silvestre de la provincia, en el cual se realizar\u00e1 un proceso de observaci\u00f3n y an\u00e1lisis para determinar la factibilidad de su liberaci\u00f3n en su h\u00e1bitat natural bajo condiciones \u00f3ptimas de seguridad que garanticen la supervivencia y adaptabilidad de este esp\u00e9cimen.\/aj-ds<\/p>\n<p class=\"western\"><strong>El Dato<\/strong><\/p>\n<p class=\"western\">La tortuga Mordedora (Chelydra acutirostris) es una especie acu\u00e1tica, omn\u00edvora y voraz que consume gran cantidad de presas animales y materia vegetal. Sus presas animales m\u00e1s comunes son los peces, renacuajos, crust\u00e1ceos y caracoles.<\/p>\n<p class=\"western\">Tiene h\u00e1bitos diurnos y nocturnos, pasa la mayor parte del tiempo en aguas poco profundas. Es una especie de movimientos lentos que expele un fuerte y nauseabundo almizcle cuando se la atrapa (Ernst et al., 1998; Rueda- Almonacid et al., 2007).<\/p>\n<p class=\"western\">Aunque no se encuentra amenazada ante la Uni\u00f3n Internacional para la Conservaci\u00f3n de la Naturaleza (UICN), ni en ning\u00fan ap\u00e9ndice CITES, la tortuga mordedora se encuentra como Vulnerable en la Lista Roja Carrillo et al. (2005).<\/p>\n<p class=\"western\">Su carne y huevos tiene alta demanda para el consumo humano y llegan a ser objeto de comercio a una escala regional (Rueda- Almonacid et al., 2007).<\/p>\n","protected":false},"excerpt":{"rendered":"<p class=\"excerpt\">Como resultado de un trabajo conjunto que realiza el Ministerio del Ambiente de Ecuador (MAE) y la Unidad de Protecci\u00f3n del Medio Ambiente (UPMA) de la Polic\u00eda Nacional se logr\u00f3 rescatar una tortuga que se encontraba en las inmediaciones de la v\u00eda Echeand\u00eda \u2013 Guaranda. Personal t\u00e9cnico de esta Cartera de Estado procedi\u00f3 a realizar la respectiva valoraci\u00f3n veterinaria para&hellip; <a href=\"https:\/\/www.ambienteyenergia.gob.ec\/ambiente\/tortuga-mordedora-fue-rescatada-en-bolivar-2\/\">Read more &rarr;<\/a><\/p>\n","protected":false},"author":13,"featured_media":24470,"comment_status":"open","ping_status":"open","sticky":false,"template":"","format":"standard","meta":{"footnotes":""},"categories":[16,4],"tags":[180,108,53,224,211,408],"class_list":["post-24469","post","type-post","status-publish","format-standard","has-post-thumbnail","hentry","category-comunicamos","category-noticias","tag-bolivar","tag-lorena-tapia","tag-mae","tag-rescate","tag-tortuga","tag-vida-silvestre","xfolkentry"],"_links":{"self":[{"href":"https:\/\/www.ambienteyenergia.gob.ec\/ambiente\/wp-json\/wp\/v2\/posts\/24469","targetHints":{"allow":["GET"]}}],"collection":[{"href":"https:\/\/www.ambienteyenergia.gob.ec\/ambiente\/wp-json\/wp\/v2\/posts"}],"about":[{"href":"https:\/\/www.ambienteyenergia.gob.ec\/ambiente\/wp-json\/wp\/v2\/types\/post"}],"author":[{"embeddable":true,"href":"https:\/\/www.ambienteyenergia.gob.ec\/ambiente\/wp-json\/wp\/v2\/users\/13"}],"replies":[{"embeddable":true,"href":"https:\/\/www.ambienteyenergia.gob.ec\/ambiente\/wp-json\/wp\/v2\/comments?post=24469"}],"version-history":[{"count":0,"href":"https:\/\/www.ambienteyenergia.gob.ec\/ambiente\/wp-json\/wp\/v2\/posts\/24469\/revisions"}],"wp:featuredmedia":[{"embeddable":true,"href":"https:\/\/www.ambienteyenergia.gob.ec\/ambiente\/wp-json\/wp\/v2\/media\/24470"}],"wp:attachment":[{"href":"https:\/\/www.ambienteyenergia.gob.ec\/ambiente\/wp-json\/wp\/v2\/media?parent=24469"}],"wp:term":[{"taxonomy":"category","embeddable":true,"href":"https:\/\/www.ambienteyenergia.gob.ec\/ambiente\/wp-json\/wp\/v2\/categories?post=24469"},{"taxonomy":"post_tag","embeddable":true,"href":"https:\/\/www.ambienteyenergia.gob.ec\/ambiente\/wp-json\/wp\/v2\/tags?post=24469"}],"curies":[{"name":"wp","href":"https:\/\/api.w.org\/{rel}","templated":true}]}}