{"id":24461,"date":"2015-02-24T14:26:10","date_gmt":"2015-02-24T19:26:10","guid":{"rendered":"http:\/\/www.ambiente.gob.ec\/?p=24461"},"modified":"2015-02-24T14:27:12","modified_gmt":"2015-02-24T19:27:12","slug":"ecuador-sede-del-xiii-taller-regional-sobre-monitoreo-forestal-2","status":"publish","type":"post","link":"https:\/\/www.ambienteyenergia.gob.ec\/ambiente\/ecuador-sede-del-xiii-taller-regional-sobre-monitoreo-forestal-2\/","title":{"rendered":"Ecuador sede del XIII Taller Regional sobre Monitoreo Forestal"},"content":{"rendered":"<p>Ecuador es el anfitri\u00f3n del XIII <span><span><span><span>Taller Regional sobre Monitoreo Forestal, predicci\u00f3n e incertidumbre de los impulsores de la deforestaci\u00f3n<\/span><\/span><\/span><\/span><span><span><span>, organizado por el programa SilvaCarbon, mismo que se desarrolla en el Tena hasta el pr\u00f3ximo 27 de febrero.<\/span><\/span><\/span><\/p>\n<p><span><span><span>El evento que contar\u00e1 con la participaci\u00f3n de representantes de Colombia, Per\u00fa, M\u00e9xico y Estados Unidos, busca ser un espacio de intercambio de experiencias adquiridas en la generaci\u00f3n de informaci\u00f3n enfocada al monitoreo de bosques y la adaptaci\u00f3n de \u00e9stas metodolog\u00edas al nivel local, as\u00ed como analizar los desaf\u00edos en la predicci\u00f3n futura e incertidumbres de la deforestaci\u00f3n. <\/span><\/span><\/span><\/p>\n<p><span><span><span>Carla C\u00e1rdenas, Subsecretaria de Patrimonio Natural del MAE resalt\u00f3: \u201cQue la generaci\u00f3n de informaci\u00f3n robusta, confiable y actualizada facilita la toma de decisiones, tanto a escala nacional como regional, y representa un insumo fundamental para la planificaci\u00f3n y gesti\u00f3n territorial relacionadas al manejo sostenible de los recursos naturales y la conservaci\u00f3n de la biodiversidad\u201d.<\/span><\/span><\/span><\/p>\n<p><span><span><span>Los principales temas que se abordar\u00e1n en el transcurso del taller son: la identificaci\u00f3n de causas de la deforestaci\u00f3n, el desarrollo de modelos de riesgo o modelos de predicci\u00f3n de las condiciones futuras del bosque y estrategias de adaptaci\u00f3n y mitigaci\u00f3n de riesgos para combatir la deforestaci\u00f3n..<\/span><\/span><\/span><\/p>\n<p><span><span><span>El planteamiento de estos temas permitir\u00e1 identificar estrategias y medidas para trabajar con las autoridades locales, regionales y sociedad civil a nivel nacional con el objetivo de generar alternativas para hacer frente a los problemas de deforestaci\u00f3n. <\/span><\/span><\/span><\/p>\n<p><span><span><span>Estas iniciativas impulsadas por el Grupo de Observaci\u00f3n de la Tierra (GEO) facilita la gesti\u00f3n sostenible de los bosques, a trav\u00e9s de su Iniciativa Global de Observaci\u00f3n de Bosques (GFOI, por sus siglas en ingl\u00e9s) que trabaja en el fortalecimiento de las capacidades de los pa\u00edses miembros mediante la creaci\u00f3n de asociaciones regionales y la transferencia de informaci\u00f3n y conocimiento para socios en Am\u00e9rica Latina y en otros lugares.<\/span><\/span><\/span><\/p>\n<p><strong><span><span><span>Acciones realizadas en Ecuador <\/span><\/span><\/span><\/strong><\/p>\n<p><span><span><span>El Ministerio de Ambiente del Ecuador se encuentra participando activamente en estas iniciativas con la finalidad de fortalecer su trabajo en el monitoreo de bosques a nivel nacional.<\/span><\/span><\/span><\/p>\n<ul>\n<li><span><span>El MAE cre\u00f3 la Unidad de Monitoreo (UM), la cual cuenta con datos sobre deforestaci\u00f3n hist\u00f3rica, ecosistemas y el primer inventario forestal del pa\u00eds. Actualmente la UM est\u00e1 generando el Mapa de cobertura y uso de la tierra 2014, en conjunto con el Ministerio de Agricultura.<\/span><\/span><\/li>\n<li><span><span>El mapa de cobertura y uso de la tierra 2014 permitir\u00e1 contar con informaci\u00f3n actualizada para identificar, cuantificar y analizar las causas de deforestaci\u00f3n, que es uno de los primeros pasos dentro del establecimiento de modelos de deforestaci\u00f3n futura que permitir\u00e1n adoptar medidas enfocadas en reducir la presi\u00f3n del bosque y sus efectos negativos.<\/span><\/span><\/li>\n<li><span><span>El MAE ha implementado medidas de conservaci\u00f3n en territorio a corto plazo como es el caso del estado de excepci\u00f3n, mediante el cual se prohibi\u00f3 la tala de bosque nativo en la provincia de Esmeraldas por el lapso de 90 d\u00edas.<\/span><\/span><\/li>\n<li><span><span>Tambi\u00e9n se implementa medidas de largo plazo enfocado en incentivos, a trav\u00e9s del programa Socio Bosque. Actualmente este programa se encuentra conservando 1 mill\u00f3n 500 mil hect\u00e1reas de bosque nativo, p\u00e1ramos y manglares. <\/span><\/span><\/li>\n<\/ul>\n<p><strong><span><span><span>Proyecciones para el futuro<\/span><\/span><\/span><\/strong><\/p>\n<p><span><span><span>Entre las metas previstas por el MAE, a trav\u00e9s de la UM, consta la generaci\u00f3n de metodolog\u00edas para el monitoreo de los programas de Restauraci\u00f3n Forestal y Socio Bosque; implementaci\u00f3n del sistema de alertas tempranas ambientales, mismas que permitir\u00e1n generar acciones oportunas que prevengan da\u00f1os en el patrimonio natural. <\/span><\/span><\/span><\/p>\n<p><span><span><span>Asimismo, el Programa Nacional de Restauraci\u00f3n Forestal con fines de conservaci\u00f3n y beneficios alternos, tiene como meta restaurar 500 000 hect\u00e1reas de bosques nativos a nivel nacional hasta 2017.\/em-ds<\/span><\/span><\/span><\/p>\n<p><strong>\u00a0<\/strong><\/p>\n<p>&nbsp;<\/p>\n","protected":false},"excerpt":{"rendered":"<p class=\"excerpt\">Ecuador es el anfitri\u00f3n del XIII Taller Regional sobre Monitoreo Forestal, predicci\u00f3n e incertidumbre de los impulsores de la deforestaci\u00f3n, organizado por el programa SilvaCarbon, mismo que se desarrolla en el Tena hasta el pr\u00f3ximo 27 de febrero. El evento que contar\u00e1 con la participaci\u00f3n de representantes de Colombia, Per\u00fa, M\u00e9xico y Estados Unidos, busca ser un espacio de intercambio&hellip; <a href=\"https:\/\/www.ambienteyenergia.gob.ec\/ambiente\/ecuador-sede-del-xiii-taller-regional-sobre-monitoreo-forestal-2\/\">Read more &rarr;<\/a><\/p>\n","protected":false},"author":13,"featured_media":24462,"comment_status":"open","ping_status":"open","sticky":false,"template":"","format":"standard","meta":{"footnotes":""},"categories":[16,4],"tags":[],"class_list":["post-24461","post","type-post","status-publish","format-standard","has-post-thumbnail","hentry","category-comunicamos","category-noticias","xfolkentry"],"_links":{"self":[{"href":"https:\/\/www.ambienteyenergia.gob.ec\/ambiente\/wp-json\/wp\/v2\/posts\/24461","targetHints":{"allow":["GET"]}}],"collection":[{"href":"https:\/\/www.ambienteyenergia.gob.ec\/ambiente\/wp-json\/wp\/v2\/posts"}],"about":[{"href":"https:\/\/www.ambienteyenergia.gob.ec\/ambiente\/wp-json\/wp\/v2\/types\/post"}],"author":[{"embeddable":true,"href":"https:\/\/www.ambienteyenergia.gob.ec\/ambiente\/wp-json\/wp\/v2\/users\/13"}],"replies":[{"embeddable":true,"href":"https:\/\/www.ambienteyenergia.gob.ec\/ambiente\/wp-json\/wp\/v2\/comments?post=24461"}],"version-history":[{"count":0,"href":"https:\/\/www.ambienteyenergia.gob.ec\/ambiente\/wp-json\/wp\/v2\/posts\/24461\/revisions"}],"wp:featuredmedia":[{"embeddable":true,"href":"https:\/\/www.ambienteyenergia.gob.ec\/ambiente\/wp-json\/wp\/v2\/media\/24462"}],"wp:attachment":[{"href":"https:\/\/www.ambienteyenergia.gob.ec\/ambiente\/wp-json\/wp\/v2\/media?parent=24461"}],"wp:term":[{"taxonomy":"category","embeddable":true,"href":"https:\/\/www.ambienteyenergia.gob.ec\/ambiente\/wp-json\/wp\/v2\/categories?post=24461"},{"taxonomy":"post_tag","embeddable":true,"href":"https:\/\/www.ambienteyenergia.gob.ec\/ambiente\/wp-json\/wp\/v2\/tags?post=24461"}],"curies":[{"name":"wp","href":"https:\/\/api.w.org\/{rel}","templated":true}]}}