{"id":24442,"date":"2015-02-23T15:37:41","date_gmt":"2015-02-23T20:37:41","guid":{"rendered":"http:\/\/www.ambiente.gob.ec\/?p=24442"},"modified":"2015-02-23T15:37:41","modified_gmt":"2015-02-23T20:37:41","slug":"el-mae-verifico-que-213-piscinas-y-fosas-que-contaminaban-la-amazonia-fueron-remediadas","status":"publish","type":"post","link":"https:\/\/www.ambienteyenergia.gob.ec\/ambiente\/el-mae-verifico-que-213-piscinas-y-fosas-que-contaminaban-la-amazonia-fueron-remediadas\/","title":{"rendered":"El MAE verific\u00f3 que 213 piscinas y fosas que contaminaban la Amazon\u00eda fueron remediadas"},"content":{"rendered":"<p style=\"text-align: justify;\">Especialistas del Programa de Reparaci\u00f3n Ambiental y Social (PRAS) y de la Direcci\u00f3n Nacional de Control Ambiental del Ministerio del Ambiente (MAE) verificaron que 213 piscinas y fosas de hidrocarburos que se encontraban en las provincias de Sucumb\u00edos y Orellana fueron remediadas y cumplen con los l\u00edmites m\u00e1ximos permisibles para concentraci\u00f3n de hidrocarburos.<\/p>\n<p style=\"text-align: justify;\">El trabajo de remediaci\u00f3n que realiz\u00f3 la empresa p\u00fablica Petroamazonas en 2014 es supervisado directamente por el Ministerio del Ambiente en el marco del proyecto Amazon\u00eda Viva. Esta iniciativa tiene a su cargo la limpieza y rehabilitaci\u00f3n de \u00e1reas afectadas por fuentes de contaminaci\u00f3n identificadas como consecuencia de la operaci\u00f3n hidrocarbur\u00edfera en la Amazon\u00eda ecuatoriana.<\/p>\n<p style=\"text-align: justify;\">El trabajo realizado el a\u00f1o pasado sigui\u00f3 las normas t\u00e9cnicas establecidas en el Reglamento Ambiental para Actividades Hidrocarbur\u00edferas y dio como resultado la reparaci\u00f3n de una superficie aproximada de 12000 m2 y la remoci\u00f3n de de 22.800 m3\u00a0 de suelo contaminado.<\/p>\n<p style=\"text-align: justify;\">El MAE inspecciona <em>in situ<\/em> que el proceso de restauraci\u00f3n de pasivos sea ejecutado de acuerdo a la normativa vigente. Hasta ahora el trabajo del proyecto Amazon\u00eda Viva ha beneficiado a 80.000 pobladores de Orellana y Sucumb\u00edos que viv\u00edan cerca de fuentes de contaminaci\u00f3n.<\/p>\n<p style=\"text-align: justify;\">Los interesados en conocer informaci\u00f3n geogr\u00e1fica y estad\u00edstica de la remediaci\u00f3n en el Distrito Amaz\u00f3nico pueden visitar la p\u00e1gina web amazoniaviva.ambiente.gob.ec<\/p>\n","protected":false},"excerpt":{"rendered":"<p class=\"excerpt\">Especialistas del Programa de Reparaci\u00f3n Ambiental y Social (PRAS) y de la Direcci\u00f3n Nacional de Control Ambiental del Ministerio del Ambiente (MAE) verificaron que 213 piscinas y fosas de hidrocarburos que se encontraban en las provincias de Sucumb\u00edos y Orellana fueron remediadas y cumplen con los l\u00edmites m\u00e1ximos permisibles para concentraci\u00f3n de hidrocarburos. El trabajo de remediaci\u00f3n que realiz\u00f3 la&hellip; <a href=\"https:\/\/www.ambienteyenergia.gob.ec\/ambiente\/el-mae-verifico-que-213-piscinas-y-fosas-que-contaminaban-la-amazonia-fueron-remediadas\/\">Read more &rarr;<\/a><\/p>\n","protected":false},"author":13,"featured_media":24443,"comment_status":"open","ping_status":"open","sticky":false,"template":"","format":"standard","meta":{"footnotes":""},"categories":[16,4],"tags":[],"class_list":["post-24442","post","type-post","status-publish","format-standard","has-post-thumbnail","hentry","category-comunicamos","category-noticias","xfolkentry"],"_links":{"self":[{"href":"https:\/\/www.ambienteyenergia.gob.ec\/ambiente\/wp-json\/wp\/v2\/posts\/24442","targetHints":{"allow":["GET"]}}],"collection":[{"href":"https:\/\/www.ambienteyenergia.gob.ec\/ambiente\/wp-json\/wp\/v2\/posts"}],"about":[{"href":"https:\/\/www.ambienteyenergia.gob.ec\/ambiente\/wp-json\/wp\/v2\/types\/post"}],"author":[{"embeddable":true,"href":"https:\/\/www.ambienteyenergia.gob.ec\/ambiente\/wp-json\/wp\/v2\/users\/13"}],"replies":[{"embeddable":true,"href":"https:\/\/www.ambienteyenergia.gob.ec\/ambiente\/wp-json\/wp\/v2\/comments?post=24442"}],"version-history":[{"count":0,"href":"https:\/\/www.ambienteyenergia.gob.ec\/ambiente\/wp-json\/wp\/v2\/posts\/24442\/revisions"}],"wp:featuredmedia":[{"embeddable":true,"href":"https:\/\/www.ambienteyenergia.gob.ec\/ambiente\/wp-json\/wp\/v2\/media\/24443"}],"wp:attachment":[{"href":"https:\/\/www.ambienteyenergia.gob.ec\/ambiente\/wp-json\/wp\/v2\/media?parent=24442"}],"wp:term":[{"taxonomy":"category","embeddable":true,"href":"https:\/\/www.ambienteyenergia.gob.ec\/ambiente\/wp-json\/wp\/v2\/categories?post=24442"},{"taxonomy":"post_tag","embeddable":true,"href":"https:\/\/www.ambienteyenergia.gob.ec\/ambiente\/wp-json\/wp\/v2\/tags?post=24442"}],"curies":[{"name":"wp","href":"https:\/\/api.w.org\/{rel}","templated":true}]}}