{"id":24435,"date":"2015-02-23T11:39:10","date_gmt":"2015-02-23T16:39:10","guid":{"rendered":"http:\/\/www.ambiente.gob.ec\/?p=24435"},"modified":"2015-02-23T11:39:10","modified_gmt":"2015-02-23T16:39:10","slug":"mae-realiza-taller-de-capacitacion-de-formacion-de-guardabosques-para-los-municipios-de-nabon-y-ona","status":"publish","type":"post","link":"https:\/\/www.ambienteyenergia.gob.ec\/ambiente\/mae-realiza-taller-de-capacitacion-de-formacion-de-guardabosques-para-los-municipios-de-nabon-y-ona\/","title":{"rendered":"MAE realiza Taller de capacitaci\u00f3n de formaci\u00f3n de guardabosques para los Municipios de Nab\u00f3n y O\u00f1a"},"content":{"rendered":"<p style=\"text-align: justify;\">La Direcci\u00f3n Provincial del Ministerio del Ambiente de Azuay, con la finalidad de apoyar en la Gesti\u00f3n de la Declaratoria de \u00c1rea Protegida para la Conservaci\u00f3n del C\u00f3ndor Andino en dos cantones del Azuay: O\u00f1a y Nab\u00f3n, procedi\u00f3 a realizar una capacitaci\u00f3n en temas de biodiversidad a los comuneros y autoridades locales.<\/p>\n<p style=\"text-align: justify;\">El taller se realiz\u00f3 el pasado 5 de febrero en la parroquia de Susudel y cont\u00f3 con la participaci\u00f3n de 15 personas de los Municipios de O\u00f1a y Nab\u00f3n, comuna de Poetate y otros comuneros del lugar.<\/p>\n<p style=\"text-align: justify;\">La capacitaci\u00f3n inicial sobre biodiversidad; abord\u00f3 temas como las caracter\u00edsticas geol\u00f3gicas y geogr\u00e1ficas exclusivas de nuestro pa\u00eds que generan la gran diversidad de ecosistemas, se explicaron t\u00e9rminos com\u00fanmente utilizados como biodiversidad, ecolog\u00eda, tr\u00e1fico, flora, fauna, silvestre, etc. Adem\u00e1s, se esquematizaron ejemplos reales de acuerdo a la realidad de la zona,con el apoyo de videos y fotograf\u00edas de la flora y fauna del sector.<\/p>\n<p style=\"text-align: justify;\">En este marco, se di\u00f3 a conocer sobre el Sistema Nacional de \u00c1reas Protegidas, la legislaci\u00f3n ambiental vigente y finalmente los actividades que el MAE viene realizando en relaci\u00f3n a la protecci\u00f3n de los nidos de c\u00f3ndor y las \u00e1reas de reproducci\u00f3n de esta ave emblem\u00e1tica.<\/p>\n<p style=\"text-align: justify;\">El Plan de Acci\u00f3n implementado para apoyar en la Gesti\u00f3n de la Declaratoria de \u00c1rea Protegida para la Conservaci\u00f3n del C\u00f3ndor Andino, fue trabajado en varias reuniones con las comunidades de Poetate, Municipios de O\u00f1a y Nab\u00f3n, Juntas Parroquiales de Susudel y El Progreso. Adem\u00e1s, cuenta con otros componentes como: manejo in-situ y ex-situ, alianzas estrat\u00e9gicas, capacitaci\u00f3n, educaci\u00f3n ambiental, manejo de informaci\u00f3n y su difusi\u00f3n e investigaci\u00f3n cient\u00edfica y cultural.<\/p>\n<p style=\"text-align: justify;\">De esta forma, el Ministerio del Ambiente est\u00e1 vigilante del cumplimiento de lo establecido en la normativa vigente, como es la protecci\u00f3n de las especies de fauna citadas en los libros rojos de Ecuador y en los convenios internacionales de los cuales el Ecuador es signatario como la Convenci\u00f3n sobre el Comercio Internacional de Especies Amenazadas de Fauna y Flora Silvestres (CITES), Convenci\u00f3n sobre la Conservaci\u00f3n de Especies Migratorias de Animales Silvestres (CMS) y Convenio de la Diversidad Biol\u00f3gica (CDB). \/\/MH<\/p>\n","protected":false},"excerpt":{"rendered":"<p class=\"excerpt\">La Direcci\u00f3n Provincial del Ministerio del Ambiente de Azuay, con la finalidad de apoyar en la Gesti\u00f3n de la Declaratoria de \u00c1rea Protegida para la Conservaci\u00f3n del C\u00f3ndor Andino en dos cantones del Azuay: O\u00f1a y Nab\u00f3n, procedi\u00f3 a realizar una capacitaci\u00f3n en temas de biodiversidad a los comuneros y autoridades locales. El taller se realiz\u00f3 el pasado 5 de&hellip; <a href=\"https:\/\/www.ambienteyenergia.gob.ec\/ambiente\/mae-realiza-taller-de-capacitacion-de-formacion-de-guardabosques-para-los-municipios-de-nabon-y-ona\/\">Read more &rarr;<\/a><\/p>\n","protected":false},"author":13,"featured_media":24436,"comment_status":"open","ping_status":"open","sticky":false,"template":"","format":"standard","meta":{"footnotes":""},"categories":[16,4],"tags":[],"class_list":["post-24435","post","type-post","status-publish","format-standard","has-post-thumbnail","hentry","category-comunicamos","category-noticias","xfolkentry"],"_links":{"self":[{"href":"https:\/\/www.ambienteyenergia.gob.ec\/ambiente\/wp-json\/wp\/v2\/posts\/24435","targetHints":{"allow":["GET"]}}],"collection":[{"href":"https:\/\/www.ambienteyenergia.gob.ec\/ambiente\/wp-json\/wp\/v2\/posts"}],"about":[{"href":"https:\/\/www.ambienteyenergia.gob.ec\/ambiente\/wp-json\/wp\/v2\/types\/post"}],"author":[{"embeddable":true,"href":"https:\/\/www.ambienteyenergia.gob.ec\/ambiente\/wp-json\/wp\/v2\/users\/13"}],"replies":[{"embeddable":true,"href":"https:\/\/www.ambienteyenergia.gob.ec\/ambiente\/wp-json\/wp\/v2\/comments?post=24435"}],"version-history":[{"count":0,"href":"https:\/\/www.ambienteyenergia.gob.ec\/ambiente\/wp-json\/wp\/v2\/posts\/24435\/revisions"}],"wp:featuredmedia":[{"embeddable":true,"href":"https:\/\/www.ambienteyenergia.gob.ec\/ambiente\/wp-json\/wp\/v2\/media\/24436"}],"wp:attachment":[{"href":"https:\/\/www.ambienteyenergia.gob.ec\/ambiente\/wp-json\/wp\/v2\/media?parent=24435"}],"wp:term":[{"taxonomy":"category","embeddable":true,"href":"https:\/\/www.ambienteyenergia.gob.ec\/ambiente\/wp-json\/wp\/v2\/categories?post=24435"},{"taxonomy":"post_tag","embeddable":true,"href":"https:\/\/www.ambienteyenergia.gob.ec\/ambiente\/wp-json\/wp\/v2\/tags?post=24435"}],"curies":[{"name":"wp","href":"https:\/\/api.w.org\/{rel}","templated":true}]}}