{"id":24432,"date":"2015-02-23T11:35:33","date_gmt":"2015-02-23T16:35:33","guid":{"rendered":"http:\/\/www.ambiente.gob.ec\/?p=24432"},"modified":"2015-02-23T11:35:33","modified_gmt":"2015-02-23T16:35:33","slug":"turista-fue-rescatado-en-la-reserva-ecologica-cotacachi-cayapas","status":"publish","type":"post","link":"https:\/\/www.ambienteyenergia.gob.ec\/ambiente\/turista-fue-rescatado-en-la-reserva-ecologica-cotacachi-cayapas\/","title":{"rendered":"Turista fue rescatado en la Reserva Ecol\u00f3gica Cotacachi \u2013 Cayapas"},"content":{"rendered":"<p style=\"text-align: justify;\">El pasado viernes 20 de febrero, personal de la Reserva Ecol\u00f3gica Cotacachi \u2013 Cayapas (RECC), Zona Alta, de la Direcci\u00f3n Provincial de Imbabura del Ministerio del Ambiente (MAE), en forma coordinada con el Cuerpo de Bomberos de Cotacachi, realizaron el rescate de un turista que visitaba el \u00c1rea Protegida y que aparentemente consumi\u00f3 locotucuna, una fruta silvestre similar al morti\u00f1o, que desestabiliz\u00f3 al turista extranjero.<\/p>\n<p style=\"text-align: justify;\">El ciudadano polaco, de aproximadamente 40 a\u00f1os de edad, lleg\u00f3 hasta sendero Gorky Campuzano de la RECC, donde empez\u00f3 a sentir malestar en su cuerpo. El hecho fue reportado al ECU-911 aproximadamente a las 17:00, instituci\u00f3n que emiti\u00f3 su accionar hacia Los bomberos; quienes llegaron de inmediato al lugar.<\/p>\n<p style=\"text-align: justify;\">El hombre que viajaba solo, fue estabilizado y llevado a la casa asistencial m\u00e1s cercana, pues presentaba un desbalance en su temperatura corporal e intoxicaci\u00f3n por gesta; en el lugar recibi\u00f3 la mejor atenci\u00f3n, recuperando as\u00ed su buen estado de salud.<\/p>\n<p style=\"text-align: justify;\">Cabe resaltar que la Reserva Ecol\u00f3gica Cotacachi \u2013 Cayapas, es una de las \u00e1reas protegidas m\u00e1s visitadas a nivel continental destac\u00e1ndose por su belleza paisaj\u00edstica y biodiversidad, esto hace que la gesti\u00f3n de la misma se vea encaminada a un trabajo integrador de objetivos de conservaci\u00f3n de los recursos naturales y la gesti\u00f3n tur\u00edstica dentro de las \u00e1reas protegidas, donde se brinda atenci\u00f3n de calidad al turista nacional y extranjero. \/\/MH<\/p>\n","protected":false},"excerpt":{"rendered":"<p class=\"excerpt\">El pasado viernes 20 de febrero, personal de la Reserva Ecol\u00f3gica Cotacachi \u2013 Cayapas (RECC), Zona Alta, de la Direcci\u00f3n Provincial de Imbabura del Ministerio del Ambiente (MAE), en forma coordinada con el Cuerpo de Bomberos de Cotacachi, realizaron el rescate de un turista que visitaba el \u00c1rea Protegida y que aparentemente consumi\u00f3 locotucuna, una fruta silvestre similar al morti\u00f1o,&hellip; <a href=\"https:\/\/www.ambienteyenergia.gob.ec\/ambiente\/turista-fue-rescatado-en-la-reserva-ecologica-cotacachi-cayapas\/\">Read more &rarr;<\/a><\/p>\n","protected":false},"author":13,"featured_media":24433,"comment_status":"open","ping_status":"open","sticky":false,"template":"","format":"standard","meta":{"footnotes":""},"categories":[16,4],"tags":[],"class_list":["post-24432","post","type-post","status-publish","format-standard","has-post-thumbnail","hentry","category-comunicamos","category-noticias","xfolkentry"],"_links":{"self":[{"href":"https:\/\/www.ambienteyenergia.gob.ec\/ambiente\/wp-json\/wp\/v2\/posts\/24432","targetHints":{"allow":["GET"]}}],"collection":[{"href":"https:\/\/www.ambienteyenergia.gob.ec\/ambiente\/wp-json\/wp\/v2\/posts"}],"about":[{"href":"https:\/\/www.ambienteyenergia.gob.ec\/ambiente\/wp-json\/wp\/v2\/types\/post"}],"author":[{"embeddable":true,"href":"https:\/\/www.ambienteyenergia.gob.ec\/ambiente\/wp-json\/wp\/v2\/users\/13"}],"replies":[{"embeddable":true,"href":"https:\/\/www.ambienteyenergia.gob.ec\/ambiente\/wp-json\/wp\/v2\/comments?post=24432"}],"version-history":[{"count":0,"href":"https:\/\/www.ambienteyenergia.gob.ec\/ambiente\/wp-json\/wp\/v2\/posts\/24432\/revisions"}],"wp:featuredmedia":[{"embeddable":true,"href":"https:\/\/www.ambienteyenergia.gob.ec\/ambiente\/wp-json\/wp\/v2\/media\/24433"}],"wp:attachment":[{"href":"https:\/\/www.ambienteyenergia.gob.ec\/ambiente\/wp-json\/wp\/v2\/media?parent=24432"}],"wp:term":[{"taxonomy":"category","embeddable":true,"href":"https:\/\/www.ambienteyenergia.gob.ec\/ambiente\/wp-json\/wp\/v2\/categories?post=24432"},{"taxonomy":"post_tag","embeddable":true,"href":"https:\/\/www.ambienteyenergia.gob.ec\/ambiente\/wp-json\/wp\/v2\/tags?post=24432"}],"curies":[{"name":"wp","href":"https:\/\/api.w.org\/{rel}","templated":true}]}}