{"id":24427,"date":"2015-02-20T16:01:01","date_gmt":"2015-02-20T21:01:01","guid":{"rendered":"http:\/\/www.ambiente.gob.ec\/?p=24427"},"modified":"2015-02-20T16:02:16","modified_gmt":"2015-02-20T21:02:16","slug":"pacc-continua-el-desarrollo-de-planes-de-cambio-climatico","status":"publish","type":"post","link":"https:\/\/www.ambienteyenergia.gob.ec\/ambiente\/pacc-continua-el-desarrollo-de-planes-de-cambio-climatico\/","title":{"rendered":"PACC contin\u00faa el desarrollo de Planes de Cambio Clim\u00e1tico"},"content":{"rendered":"<p>El Proyecto de Adaptaci\u00f3n al Cambio Clim\u00e1tico a trav\u00e9s de una efectiva gobernabilidad del agua (PACC) del Ministerio del Ambiente (MAE), en conjunto con el Centro Internacional de Investigaciones del Fen\u00f3meno del Ni\u00f1o (CIIFEN), contin\u00faan trabajando en la elaboraci\u00f3n de los planes de cambio clim\u00e1tico en cinco Gobiernos Aut\u00f3nomos Descentralizados (GAD) en las provincias de Loja, Los R\u00edos y Azuay.<\/p>\n<p>Durante este segundo per\u00edodo de trabajo se reunieron representantes de las Juntas Parroquiales de San Bartolom\u00e9 y Zhidmad de Cuenca para el levantamiento de informaci\u00f3n, as\u00ed como el an\u00e1lisis de los programas y proyectos que se implementar\u00e1n en el territorio como parte de su gesti\u00f3n.<\/p>\n<p>Este trabajo es posible gracias al apoyo del Programa de las Naciones Unidas para el Desarrollo (PNUD), Direcciones Provinciales del MAE y GAD que participan en el proceso.\/ss-ds<\/p>\n","protected":false},"excerpt":{"rendered":"<p class=\"excerpt\">El Proyecto de Adaptaci\u00f3n al Cambio Clim\u00e1tico a trav\u00e9s de una efectiva gobernabilidad del agua (PACC) del Ministerio del Ambiente (MAE), en conjunto con el Centro Internacional de Investigaciones del Fen\u00f3meno del Ni\u00f1o (CIIFEN), contin\u00faan trabajando en la elaboraci\u00f3n de los planes de cambio clim\u00e1tico en cinco Gobiernos Aut\u00f3nomos Descentralizados (GAD) en las provincias de Loja, Los R\u00edos y Azuay.&hellip; <a href=\"https:\/\/www.ambienteyenergia.gob.ec\/ambiente\/pacc-continua-el-desarrollo-de-planes-de-cambio-climatico\/\">Read more &rarr;<\/a><\/p>\n","protected":false},"author":13,"featured_media":24428,"comment_status":"open","ping_status":"open","sticky":false,"template":"","format":"standard","meta":{"footnotes":""},"categories":[16,4],"tags":[133,108,53,489],"class_list":["post-24427","post","type-post","status-publish","format-standard","has-post-thumbnail","hentry","category-comunicamos","category-noticias","tag-cambio-climatico","tag-lorena-tapia","tag-mae","tag-pacc","xfolkentry"],"_links":{"self":[{"href":"https:\/\/www.ambienteyenergia.gob.ec\/ambiente\/wp-json\/wp\/v2\/posts\/24427","targetHints":{"allow":["GET"]}}],"collection":[{"href":"https:\/\/www.ambienteyenergia.gob.ec\/ambiente\/wp-json\/wp\/v2\/posts"}],"about":[{"href":"https:\/\/www.ambienteyenergia.gob.ec\/ambiente\/wp-json\/wp\/v2\/types\/post"}],"author":[{"embeddable":true,"href":"https:\/\/www.ambienteyenergia.gob.ec\/ambiente\/wp-json\/wp\/v2\/users\/13"}],"replies":[{"embeddable":true,"href":"https:\/\/www.ambienteyenergia.gob.ec\/ambiente\/wp-json\/wp\/v2\/comments?post=24427"}],"version-history":[{"count":0,"href":"https:\/\/www.ambienteyenergia.gob.ec\/ambiente\/wp-json\/wp\/v2\/posts\/24427\/revisions"}],"wp:featuredmedia":[{"embeddable":true,"href":"https:\/\/www.ambienteyenergia.gob.ec\/ambiente\/wp-json\/wp\/v2\/media\/24428"}],"wp:attachment":[{"href":"https:\/\/www.ambienteyenergia.gob.ec\/ambiente\/wp-json\/wp\/v2\/media?parent=24427"}],"wp:term":[{"taxonomy":"category","embeddable":true,"href":"https:\/\/www.ambienteyenergia.gob.ec\/ambiente\/wp-json\/wp\/v2\/categories?post=24427"},{"taxonomy":"post_tag","embeddable":true,"href":"https:\/\/www.ambienteyenergia.gob.ec\/ambiente\/wp-json\/wp\/v2\/tags?post=24427"}],"curies":[{"name":"wp","href":"https:\/\/api.w.org\/{rel}","templated":true}]}}