{"id":24424,"date":"2015-02-20T13:53:06","date_gmt":"2015-02-20T18:53:06","guid":{"rendered":"http:\/\/www.ambiente.gob.ec\/?p=24424"},"modified":"2015-02-20T15:35:40","modified_gmt":"2015-02-20T20:35:40","slug":"ecuador-entre-los-paises-lideres-en-la-preparacion-para-redd","status":"publish","type":"post","link":"https:\/\/www.ambienteyenergia.gob.ec\/ambiente\/ecuador-entre-los-paises-lideres-en-la-preparacion-para-redd\/","title":{"rendered":"Ecuador entre los pa\u00edses l\u00edderes en la preparaci\u00f3n para REDD+"},"content":{"rendered":"<p>El pasado lunes 16 de febrero inici\u00f3 en Bonn, Alemania, la evaluaci\u00f3n de las propuestas de Nivel de Referencia de Emisiones Forestales para la Reducci\u00f3n de Emisiones\u00a0 por Deforestaci\u00f3n y Degradaci\u00f3n forestal (REDD+), presentadas por pa\u00edses pioneros en la Convenci\u00f3n Marco de las Naciones Unidas para el Cambio Clim\u00e1tico (CMNUCC), en implementaci\u00f3n de los acuerdos logrados durante la Conferencia de las Partes 19 (COP19), que tuvo lugar en Varsovia, Polonia, en Diciembre de 2013.<\/p>\n<p>Ecuador, junto con Brasil, M\u00e9xico, Colombia, Guyana y Malasia,\u00a0 conforman un grupo de pa\u00edses pioneros en avances para la preparaci\u00f3n de REDD+, al haber presentado sus Niveles de Referencia de Emisiones Forestales a la CMNUCC. Con esto, Ecuador es uno de los seis pa\u00edses a nivel global l\u00edderes en REDD+ al cumplir con uno de los cuatro elementos necesarios para la implementaci\u00f3n de este enfoque de pol\u00edticas e incentivos positivos para la mitigaci\u00f3n del cambio clim\u00e1tico en el sector forestal y uso de suelo. Los dem\u00e1s elementos son una Estrategia Nacional, un Sistema Nacional de Monitoreo Forestal y un Sistema de Informaci\u00f3n de Salvaguardas, en los cuales el Ecuador tambi\u00e9n tiene avances importantes y espera finalizar su dise\u00f1o a mediados de 2015.<\/p>\n<p>El Nivel de Referencia de Emisiones Forestales constituye la base para la estimaci\u00f3n de reducci\u00f3n de emisiones, asociadas a la reducci\u00f3n de deforestaci\u00f3n en el caso del Ecuador, con lo cual el pa\u00eds podr\u00e1 acceder a pagos basados en resultados de reducci\u00f3n de emisiones.<\/p>\n<p>La presentaci\u00f3n del Nivel de Referencia de Emisiones Forestales, y su respectiva evaluaci\u00f3n t\u00e9cnica, marca un hito sobre el liderazgo del Ecuador en la preparaci\u00f3n para REDD+, como una pol\u00edtica de mitigaci\u00f3n del cambio clim\u00e1tico que busca fortalecer esfuerzos nacionales para la reducci\u00f3n de las causas de deforestaci\u00f3n y sus emisiones de Gases de Efecto Invernadero asociadas.\/ss-ds<\/p>\n<p><strong>Links relacionados<\/strong><\/p>\n<p><span lang=\"es-EC\">Para revisar las propuestas de Nivel de Referencia del Ecuador y los dem\u00e1s pa\u00edses puede acceder al siguiente enlace: <a href=\"http:\/\/unfccc.int\/land_use_and_climate_change\/redd\/items\/8414.php\" target=\"_blank\">http:\/\/unfccc.int\/land_use_and_climate_change\/redd\/items\/8414.php<\/a><\/span><\/p>\n<p><span lang=\"es-EC\">Enlaces relacionados: <a href=\"http:\/\/www.mrv.mx\/index.php\/es\/noticias\/blog\/269-mexico-pionero-en-la-preparacion-para-redd.html\" target=\"_blank\">http:\/\/www.mrv.mx\/index.php\/es\/noticias\/blog\/269-mexico-pionero-en-la-preparacion-para-redd.html<\/a><\/span><\/p>\n","protected":false},"excerpt":{"rendered":"<p class=\"excerpt\">El pasado lunes 16 de febrero inici\u00f3 en Bonn, Alemania, la evaluaci\u00f3n de las propuestas de Nivel de Referencia de Emisiones Forestales para la Reducci\u00f3n de Emisiones\u00a0 por Deforestaci\u00f3n y Degradaci\u00f3n forestal (REDD+), presentadas por pa\u00edses pioneros en la Convenci\u00f3n Marco de las Naciones Unidas para el Cambio Clim\u00e1tico (CMNUCC), en implementaci\u00f3n de los acuerdos logrados durante la Conferencia de&hellip; <a href=\"https:\/\/www.ambienteyenergia.gob.ec\/ambiente\/ecuador-entre-los-paises-lideres-en-la-preparacion-para-redd\/\">Read more &rarr;<\/a><\/p>\n","protected":false},"author":13,"featured_media":24425,"comment_status":"open","ping_status":"open","sticky":false,"template":"","format":"standard","meta":{"footnotes":""},"categories":[16,4],"tags":[133,108,53,354],"class_list":["post-24424","post","type-post","status-publish","format-standard","has-post-thumbnail","hentry","category-comunicamos","category-noticias","tag-cambio-climatico","tag-lorena-tapia","tag-mae","tag-redd","xfolkentry"],"_links":{"self":[{"href":"https:\/\/www.ambienteyenergia.gob.ec\/ambiente\/wp-json\/wp\/v2\/posts\/24424","targetHints":{"allow":["GET"]}}],"collection":[{"href":"https:\/\/www.ambienteyenergia.gob.ec\/ambiente\/wp-json\/wp\/v2\/posts"}],"about":[{"href":"https:\/\/www.ambienteyenergia.gob.ec\/ambiente\/wp-json\/wp\/v2\/types\/post"}],"author":[{"embeddable":true,"href":"https:\/\/www.ambienteyenergia.gob.ec\/ambiente\/wp-json\/wp\/v2\/users\/13"}],"replies":[{"embeddable":true,"href":"https:\/\/www.ambienteyenergia.gob.ec\/ambiente\/wp-json\/wp\/v2\/comments?post=24424"}],"version-history":[{"count":0,"href":"https:\/\/www.ambienteyenergia.gob.ec\/ambiente\/wp-json\/wp\/v2\/posts\/24424\/revisions"}],"wp:featuredmedia":[{"embeddable":true,"href":"https:\/\/www.ambienteyenergia.gob.ec\/ambiente\/wp-json\/wp\/v2\/media\/24425"}],"wp:attachment":[{"href":"https:\/\/www.ambienteyenergia.gob.ec\/ambiente\/wp-json\/wp\/v2\/media?parent=24424"}],"wp:term":[{"taxonomy":"category","embeddable":true,"href":"https:\/\/www.ambienteyenergia.gob.ec\/ambiente\/wp-json\/wp\/v2\/categories?post=24424"},{"taxonomy":"post_tag","embeddable":true,"href":"https:\/\/www.ambienteyenergia.gob.ec\/ambiente\/wp-json\/wp\/v2\/tags?post=24424"}],"curies":[{"name":"wp","href":"https:\/\/api.w.org\/{rel}","templated":true}]}}