{"id":24421,"date":"2015-02-20T11:17:14","date_gmt":"2015-02-20T16:17:14","guid":{"rendered":"http:\/\/www.ambiente.gob.ec\/?p=24421"},"modified":"2015-02-20T11:17:14","modified_gmt":"2015-02-20T16:17:14","slug":"mae-rescato-un-buho-en-guano","status":"publish","type":"post","link":"https:\/\/www.ambienteyenergia.gob.ec\/ambiente\/mae-rescato-un-buho-en-guano\/","title":{"rendered":"MAE rescat\u00f3 un B\u00faho en Guano"},"content":{"rendered":"<p>La Direcci\u00f3n Provincial del Ambiente de Chimborazo con el apoyo de la ciudadan\u00eda realiz\u00f3 el rescate de un B\u00faho en la cabecera cantonal de Guano, en el mirador de la Colina de Lluishig.<\/p>\n<p>Moradores que se encontraban visitando este atractivo informaron de la presencia de un B\u00faho (Athene cunicularia), a personal de la UPMA que inmediatamente llego al lugar con t\u00e9cnicos de vida silvestre del Ministerio del Ambiente. En el lugar se realiz\u00f3 una evaluaci\u00f3n del esp\u00e9cimen y se observ\u00f3 que presentaba una fracturada en su ala derecha.<\/p>\n<p>El ejemplar fue trasladado al Eco Zool\u00f3gico San Mart\u00edn en la ciudad de Ba\u00f1os. M\u00e9dicos veterinarios del centro de rescate provisional corroboran la informaci\u00f3n preliminar presentada por personal del MAE. El ala del ave se encontraba fracturada desde hace mucho tiempo atr\u00e1s pues en las radiograf\u00edas realiadas se pod\u00eda observar una callosidad en el \u00e1rea de fractura.<\/p>\n<p>Este esp\u00e9cimen permanecer\u00e1 en el Eco Zool\u00f3gico San Mart\u00edn bajo monitoreo y cuidados, con el objetivo de valorar su proceso de recuperaci\u00f3n.\/da-ds<\/p>\n","protected":false},"excerpt":{"rendered":"<p class=\"excerpt\">La Direcci\u00f3n Provincial del Ambiente de Chimborazo con el apoyo de la ciudadan\u00eda realiz\u00f3 el rescate de un B\u00faho en la cabecera cantonal de Guano, en el mirador de la Colina de Lluishig. Moradores que se encontraban visitando este atractivo informaron de la presencia de un B\u00faho (Athene cunicularia), a personal de la UPMA que inmediatamente llego al lugar con&hellip; <a href=\"https:\/\/www.ambienteyenergia.gob.ec\/ambiente\/mae-rescato-un-buho-en-guano\/\">Read more &rarr;<\/a><\/p>\n","protected":false},"author":13,"featured_media":24422,"comment_status":"open","ping_status":"open","sticky":false,"template":"","format":"standard","meta":{"footnotes":""},"categories":[16,4],"tags":[681,101,108,53,224,408],"class_list":["post-24421","post","type-post","status-publish","format-standard","has-post-thumbnail","hentry","category-comunicamos","category-noticias","tag-buho","tag-chimborazo","tag-lorena-tapia","tag-mae","tag-rescate","tag-vida-silvestre","xfolkentry"],"_links":{"self":[{"href":"https:\/\/www.ambienteyenergia.gob.ec\/ambiente\/wp-json\/wp\/v2\/posts\/24421","targetHints":{"allow":["GET"]}}],"collection":[{"href":"https:\/\/www.ambienteyenergia.gob.ec\/ambiente\/wp-json\/wp\/v2\/posts"}],"about":[{"href":"https:\/\/www.ambienteyenergia.gob.ec\/ambiente\/wp-json\/wp\/v2\/types\/post"}],"author":[{"embeddable":true,"href":"https:\/\/www.ambienteyenergia.gob.ec\/ambiente\/wp-json\/wp\/v2\/users\/13"}],"replies":[{"embeddable":true,"href":"https:\/\/www.ambienteyenergia.gob.ec\/ambiente\/wp-json\/wp\/v2\/comments?post=24421"}],"version-history":[{"count":0,"href":"https:\/\/www.ambienteyenergia.gob.ec\/ambiente\/wp-json\/wp\/v2\/posts\/24421\/revisions"}],"wp:featuredmedia":[{"embeddable":true,"href":"https:\/\/www.ambienteyenergia.gob.ec\/ambiente\/wp-json\/wp\/v2\/media\/24422"}],"wp:attachment":[{"href":"https:\/\/www.ambienteyenergia.gob.ec\/ambiente\/wp-json\/wp\/v2\/media?parent=24421"}],"wp:term":[{"taxonomy":"category","embeddable":true,"href":"https:\/\/www.ambienteyenergia.gob.ec\/ambiente\/wp-json\/wp\/v2\/categories?post=24421"},{"taxonomy":"post_tag","embeddable":true,"href":"https:\/\/www.ambienteyenergia.gob.ec\/ambiente\/wp-json\/wp\/v2\/tags?post=24421"}],"curies":[{"name":"wp","href":"https:\/\/api.w.org\/{rel}","templated":true}]}}