{"id":24418,"date":"2015-02-20T10:53:31","date_gmt":"2015-02-20T15:53:31","guid":{"rendered":"http:\/\/www.ambiente.gob.ec\/?p=24418"},"modified":"2015-02-20T10:53:31","modified_gmt":"2015-02-20T15:53:31","slug":"isla-santay-celebra-un-ano-mas-como-area-nacional-de-recreacion","status":"publish","type":"post","link":"https:\/\/www.ambienteyenergia.gob.ec\/ambiente\/isla-santay-celebra-un-ano-mas-como-area-nacional-de-recreacion\/","title":{"rendered":"Isla Santay celebra un a\u00f1o m\u00e1s como \u00c1rea Nacional de Recreaci\u00f3n"},"content":{"rendered":"<p class=\"western\" style=\"margin-bottom: 0cm;\" align=\"JUSTIFY\"><span style=\"font-family: Calibri,sans-serif;\"><span style=\"font-size: medium;\"><span style=\"font-style: normal;\"><span style=\"font-weight: normal;\">Considerada como el nuevo pulm\u00f3n de la ciudad, Isla Santay <\/span><\/span><span style=\"font-style: normal;\"><span style=\"font-weight: normal;\">celebra un a\u00f1o m\u00e1s de su declaratoria como \u00c1rea Nacional de Recreaci\u00f3n el 20 de febrero de 2010. Este humedal<\/span><\/span><span style=\"font-style: normal;\"><span style=\"font-weight: normal;\"> representa un atractivo ecotur\u00edstico en el que miles de guayaquile\u00f1os, turistas <\/span><\/span><span style=\"font-style: normal;\"><span style=\"font-weight: normal;\">nacionales y extra<\/span><\/span><span style=\"font-style: normal;\"><span style=\"font-weight: normal;\">njeros pueden disfrutar de un paisaje \u00fanico a pocos minutos de la urbe.<\/span><\/span><\/span><\/span><\/p>\n<p class=\"western\" style=\"margin-bottom: 0cm;\" align=\"JUSTIFY\"><span style=\"font-family: Calibri,sans-serif;\"><span style=\"font-size: medium;\"><span style=\"font-style: normal;\"><span style=\"font-weight: normal;\">La isla cuenta con una ubicaci\u00f3n envidiable al estar en medio del Rio Guayas pues es un importante refugio de biodiversidad. <\/span><\/span><span style=\"font-style: normal;\"><span style=\"font-weight: normal;\">D<\/span><\/span><span style=\"font-style: normal;\"><span style=\"font-weight: normal;\">entro de su variada vegetaci\u00f3n <\/span><\/span><span style=\"font-style: normal;\"><span style=\"font-weight: normal;\">constituida principalmente por<\/span><\/span><span style=\"font-style: normal;\"><span style=\"font-weight: normal;\"> bosque seco, manglares, zonas de pastizales y gram\u00edneas <\/span><\/span><span style=\"font-style: normal;\"><span style=\"font-weight: normal;\">existe<\/span><\/span><span style=\"font-style: normal;\"><span style=\"font-weight: normal;\"> una <\/span><\/span><span style=\"font-style: normal;\"><span style=\"font-weight: normal;\">extensa<\/span><\/span><span style=\"font-style: normal;\"><span style=\"font-weight: normal;\"> variedad de aves, mam\u00edferos y reptiles.<\/span><\/span><\/span><\/span><\/p>\n<p class=\"western\" style=\"margin-bottom: 0cm;\" align=\"JUSTIFY\"><span style=\"font-family: Calibri,sans-serif;\"><span style=\"font-size: medium;\"><span style=\"font-style: normal;\"><span style=\"font-weight: normal;\">Gracias al aporte d<\/span><\/span><span style=\"font-style: normal;\"><span style=\"font-weight: normal;\">el<\/span><\/span><span style=\"font-style: normal;\"><span style=\"font-weight: normal;\"> Gobierno Nacional, <\/span><\/span><span style=\"font-style: normal;\"><span style=\"font-weight: normal;\">a trav\u00e9s del Ministerio del Ambiente de Ecuador (MAE) e<\/span><\/span><span style=\"font-style: normal;\"><span style=\"font-weight: normal;\">n el 2014 <\/span><\/span><span style=\"font-style: normal;\"><span style=\"font-weight: normal;\">se realiz\u00f3 la inauguraci\u00f3n de obras que han posicionado a Santay como un importante destino tur\u00edstico por sus caracter\u00edsticas ambientales y de desarrollo sostenible.<\/span><\/span><\/span><\/span><\/p>\n<p class=\"western\" style=\"margin-bottom: 0cm;\" align=\"JUSTIFY\"><span style=\"font-family: Calibri,sans-serif;\"><span style=\"font-size: medium;\"><span lang=\"es-ES\"><span style=\"font-style: normal;\"><span style=\"font-weight: normal;\">Isla Santay cuenta con 57 viviendas ecol\u00f3gicas que albergan a 245 personas que brindan servicios de alimentaci\u00f3n y guianza por los dos senderos ecol\u00f3gicos que llevan a conocer algunos de los atractivos que posee la Isla como la Cocodrilera que alberga 11 cocodrilos hembra y un macho. Adem\u00e1s se puede realizar caminata por el nuevo sendero del Estero Huaquillas, obra habilitada en enero pasado.<\/span><\/span><\/span><\/span><\/span><\/p>\n<p class=\"western\" style=\"margin-bottom: 0cm;\" align=\"JUSTIFY\">\u201c<span style=\"font-family: Calibri,sans-serif;\"><span style=\"font-size: medium;\"><span lang=\"es-ES\"><span style=\"font-style: normal;\"><span style=\"font-weight: normal;\">Isla Santay se ha constituido como un referente ambiental y tur\u00edstico, tanto a nivel nacional como internacional, pues es el reflejo de la aplicaci\u00f3n efectiva de pol\u00edticas integrales de desarrollo sostenible y conservaci\u00f3n ambiental. En este espacio se integran iniciativas de trabajo comunitario, ecoturismo y ejecuci\u00f3n de pol\u00edticas de Estado, con el objetivo de alcanzar el Buen Vivir en un Ecuador Verde\u201d, coment\u00f3 Lorena Tapia N\u00fa\u00f1ez, Ministra de Ambiente de Ecuador.\/gr-ds<\/span><\/span><\/span><\/span><\/span><\/p>\n<p class=\"western\" style=\"margin-bottom: 0cm;\" align=\"JUSTIFY\"><strong><span style=\"font-family: Calibri,sans-serif;\"><span style=\"font-size: medium;\"><span style=\"font-style: normal;\">El Dato<\/span><\/span><\/span><\/strong><\/p>\n<p class=\"western\" style=\"margin-bottom: 0cm;\" align=\"JUSTIFY\"><span style=\"font-family: Calibri,sans-serif;\"><span style=\"font-size: medium;\"><span lang=\"es-ES\"><span style=\"font-style: normal;\"><span style=\"font-weight: normal;\">En octubre del <\/span><\/span><\/span><span lang=\"es-ES\"><span style=\"font-style: normal;\"><span style=\"font-weight: normal;\">a\u00f1o<\/span><\/span><\/span><span lang=\"es-ES\"><span style=\"font-style: normal;\"><span style=\"font-weight: normal;\"> 2000 Isla Santay fue declarada por la Convenci\u00f3n Ramsar como un humedal de importancia internacional por su biodiversidad y por ser <\/span><\/span><\/span><span lang=\"es-ES\"><span style=\"font-style: normal;\"><span style=\"font-weight: normal;\">h\u00e1bitat<\/span><\/span><\/span><span lang=\"es-ES\"><span style=\"font-style: normal;\"><span style=\"font-weight: normal;\"> de especies consideradas amenazadas o en estado de extinci\u00f3n en el Ecuador como el pato machac\u00f3n <\/span><\/span><\/span><span lang=\"es-ES\"><span style=\"font-style: normal;\"><span style=\"font-weight: normal;\">y<\/span><\/span><\/span><span lang=\"es-ES\"><span style=\"font-style: normal;\"><span style=\"font-weight: normal;\"> el cocodrilo de la costa, <\/span><\/span><\/span><span lang=\"es-ES\"><span style=\"font-style: normal;\"><span style=\"font-weight: normal;\">entre otros<\/span><\/span><\/span><span lang=\"es-ES\"><span style=\"font-style: normal;\"><span style=\"font-weight: normal;\">. <\/span><\/span><\/span><\/span><\/span><\/p>\n","protected":false},"excerpt":{"rendered":"<p class=\"excerpt\">Considerada como el nuevo pulm\u00f3n de la ciudad, Isla Santay celebra un a\u00f1o m\u00e1s de su declaratoria como \u00c1rea Nacional de Recreaci\u00f3n el 20 de febrero de 2010. Este humedal representa un atractivo ecotur\u00edstico en el que miles de guayaquile\u00f1os, turistas nacionales y extranjeros pueden disfrutar de un paisaje \u00fanico a pocos minutos de la urbe. La isla cuenta con&hellip; <a href=\"https:\/\/www.ambienteyenergia.gob.ec\/ambiente\/isla-santay-celebra-un-ano-mas-como-area-nacional-de-recreacion\/\">Read more &rarr;<\/a><\/p>\n","protected":false},"author":13,"featured_media":24419,"comment_status":"open","ping_status":"open","sticky":false,"template":"","format":"standard","meta":{"footnotes":""},"categories":[16,4],"tags":[680,374,108,53],"class_list":["post-24418","post","type-post","status-publish","format-standard","has-post-thumbnail","hentry","category-comunicamos","category-noticias","tag-area-nacional-de-recreacion","tag-isla-santay","tag-lorena-tapia","tag-mae","xfolkentry"],"_links":{"self":[{"href":"https:\/\/www.ambienteyenergia.gob.ec\/ambiente\/wp-json\/wp\/v2\/posts\/24418","targetHints":{"allow":["GET"]}}],"collection":[{"href":"https:\/\/www.ambienteyenergia.gob.ec\/ambiente\/wp-json\/wp\/v2\/posts"}],"about":[{"href":"https:\/\/www.ambienteyenergia.gob.ec\/ambiente\/wp-json\/wp\/v2\/types\/post"}],"author":[{"embeddable":true,"href":"https:\/\/www.ambienteyenergia.gob.ec\/ambiente\/wp-json\/wp\/v2\/users\/13"}],"replies":[{"embeddable":true,"href":"https:\/\/www.ambienteyenergia.gob.ec\/ambiente\/wp-json\/wp\/v2\/comments?post=24418"}],"version-history":[{"count":0,"href":"https:\/\/www.ambienteyenergia.gob.ec\/ambiente\/wp-json\/wp\/v2\/posts\/24418\/revisions"}],"wp:featuredmedia":[{"embeddable":true,"href":"https:\/\/www.ambienteyenergia.gob.ec\/ambiente\/wp-json\/wp\/v2\/media\/24419"}],"wp:attachment":[{"href":"https:\/\/www.ambienteyenergia.gob.ec\/ambiente\/wp-json\/wp\/v2\/media?parent=24418"}],"wp:term":[{"taxonomy":"category","embeddable":true,"href":"https:\/\/www.ambienteyenergia.gob.ec\/ambiente\/wp-json\/wp\/v2\/categories?post=24418"},{"taxonomy":"post_tag","embeddable":true,"href":"https:\/\/www.ambienteyenergia.gob.ec\/ambiente\/wp-json\/wp\/v2\/tags?post=24418"}],"curies":[{"name":"wp","href":"https:\/\/api.w.org\/{rel}","templated":true}]}}