{"id":24416,"date":"2015-02-19T20:19:32","date_gmt":"2015-02-20T01:19:32","guid":{"rendered":"http:\/\/www.ambiente.gob.ec\/?p=24416"},"modified":"2015-02-23T11:40:04","modified_gmt":"2015-02-23T16:40:04","slug":"zoologico-municipal-de-loja-recibira-dos-leones-panthera-leo","status":"publish","type":"post","link":"https:\/\/www.ambienteyenergia.gob.ec\/ambiente\/zoologico-municipal-de-loja-recibira-dos-leones-panthera-leo\/","title":{"rendered":"Zool\u00f3gico Municipal de Loja recibir\u00e1 dos leones Panthera leo"},"content":{"rendered":"<p style=\"text-align: justify;\">El Ministerio del Ambiente de Ecuador (MAE), a trav\u00e9s de la Direcci\u00f3n Provincial de Imbabura, realizar\u00e1 el traslado de dos leones al Zool\u00f3gico Municipal de Loja \u201cOrillas del Zamora\u201d, mismo que se encuentran en Centro de Rescate de Vida Silvestre Guayabillas de Imbabura.<\/p>\n<p style=\"text-align: justify;\">Los leones, un macho de 18 a\u00f1os de edad llamado Sab\u00fa, el cual lleg\u00f3 al Centro de Rescate a los siete a\u00f1os y Shanga, una hembra de diez a\u00f1os, que fue rescatada cuando ten\u00eda dos meses de edad ser\u00e1n movilizados por personal t\u00e9cnico del MAE al que ser\u00e1 su nuevo hogar.<\/p>\n<p style=\"text-align: justify;\">Estos espec\u00edmenes que pertenecen a la especie Panthera leo han permanecido en Guayabillas por m\u00e1s de una d\u00e9cada.<\/p>\n<p style=\"text-align: justify;\">Se prev\u00e9 que los leones sean trasladados a Loja ma\u00f1ana viernes a partir de las 18:00 bajo la supervisi\u00f3n de personal t\u00e9cnico en compa\u00f1\u00eda de veterinarios, con el objetivo de garantizar una adecuada movilizaci\u00f3n bajo estrictas normas t\u00e9cnicas y de seguridad.<\/p>\n<p style=\"text-align: justify;\">Luis R\u00edos, jefe del Zool\u00f3gico de Loja, indic\u00f3 que los leones ser\u00e1n los primeros felinos grandes en llegar hasta esa provincia. Tambi\u00e9n explic\u00f3 que estos espec\u00edmenes permanecer\u00e1n en un per\u00edodo de cuarentena para su evaluaci\u00f3n antes de ser trasladados a un ambiente que ha sido dise\u00f1ado para ellos, mismo que tendr\u00e1 un \u00e1rea de 800 metros cuadrados.\/da-ds<\/p>\n","protected":false},"excerpt":{"rendered":"<p class=\"excerpt\">El Ministerio del Ambiente de Ecuador (MAE), a trav\u00e9s de la Direcci\u00f3n Provincial de Imbabura, realizar\u00e1 el traslado de dos leones al Zool\u00f3gico Municipal de Loja \u201cOrillas del Zamora\u201d, mismo que se encuentran en Centro de Rescate de Vida Silvestre Guayabillas de Imbabura. Los leones, un macho de 18 a\u00f1os de edad llamado Sab\u00fa, el cual lleg\u00f3 al Centro de&hellip; <a href=\"https:\/\/www.ambienteyenergia.gob.ec\/ambiente\/zoologico-municipal-de-loja-recibira-dos-leones-panthera-leo\/\">Read more &rarr;<\/a><\/p>\n","protected":false},"author":13,"featured_media":23214,"comment_status":"open","ping_status":"open","sticky":false,"template":"","format":"standard","meta":{"footnotes":""},"categories":[16,4],"tags":[108,53,679,408],"class_list":["post-24416","post","type-post","status-publish","format-standard","has-post-thumbnail","hentry","category-comunicamos","category-noticias","tag-lorena-tapia","tag-mae","tag-traslado","tag-vida-silvestre","xfolkentry"],"_links":{"self":[{"href":"https:\/\/www.ambienteyenergia.gob.ec\/ambiente\/wp-json\/wp\/v2\/posts\/24416","targetHints":{"allow":["GET"]}}],"collection":[{"href":"https:\/\/www.ambienteyenergia.gob.ec\/ambiente\/wp-json\/wp\/v2\/posts"}],"about":[{"href":"https:\/\/www.ambienteyenergia.gob.ec\/ambiente\/wp-json\/wp\/v2\/types\/post"}],"author":[{"embeddable":true,"href":"https:\/\/www.ambienteyenergia.gob.ec\/ambiente\/wp-json\/wp\/v2\/users\/13"}],"replies":[{"embeddable":true,"href":"https:\/\/www.ambienteyenergia.gob.ec\/ambiente\/wp-json\/wp\/v2\/comments?post=24416"}],"version-history":[{"count":0,"href":"https:\/\/www.ambienteyenergia.gob.ec\/ambiente\/wp-json\/wp\/v2\/posts\/24416\/revisions"}],"wp:featuredmedia":[{"embeddable":true,"href":"https:\/\/www.ambienteyenergia.gob.ec\/ambiente\/wp-json\/wp\/v2\/media\/23214"}],"wp:attachment":[{"href":"https:\/\/www.ambienteyenergia.gob.ec\/ambiente\/wp-json\/wp\/v2\/media?parent=24416"}],"wp:term":[{"taxonomy":"category","embeddable":true,"href":"https:\/\/www.ambienteyenergia.gob.ec\/ambiente\/wp-json\/wp\/v2\/categories?post=24416"},{"taxonomy":"post_tag","embeddable":true,"href":"https:\/\/www.ambienteyenergia.gob.ec\/ambiente\/wp-json\/wp\/v2\/tags?post=24416"}],"curies":[{"name":"wp","href":"https:\/\/api.w.org\/{rel}","templated":true}]}}