{"id":24405,"date":"2015-02-19T16:45:59","date_gmt":"2015-02-19T21:45:59","guid":{"rendered":"http:\/\/www.ambiente.gob.ec\/?p=24405"},"modified":"2015-02-19T16:45:59","modified_gmt":"2015-02-19T21:45:59","slug":"imbabura-presenta-resultados-de-gestion-ambiental-2014","status":"publish","type":"post","link":"https:\/\/www.ambienteyenergia.gob.ec\/ambiente\/imbabura-presenta-resultados-de-gestion-ambiental-2014\/","title":{"rendered":"Imbabura presenta resultados de gesti\u00f3n ambiental 2014"},"content":{"rendered":"<p style=\"text-align: justify;\">En cumpliendo del art. 204 de la Constituci\u00f3n, Segundo Fuentes, Director Provincial del Ambiente de Imbabura efectu\u00f3 la Rendici\u00f3n de Cuentas de la Gesti\u00f3n Ambiental que esta Cartera de Estado lleva a cabo en la provincia.<\/p>\n<p style=\"text-align: justify;\">Durante el a\u00f1o 2014 se implementaron y desarrollaron diferentes iniciativas para la gesti\u00f3n ambiental con el objetivo de promover un adecuado manejo de los recursos naturales a nivel local.<\/p>\n<p style=\"text-align: justify;\">Con la finalidad de prevenir y controlar la contaminaci\u00f3n para el Buen Vivir de todos y todas con los siguientes resultados el Ministerio del Ambiente (MAE) recibi\u00f3 209 procesos de regularizaci\u00f3n ambiental en Imbabura.<\/p>\n<p style=\"text-align: justify;\">Por otro lado los Municipios locales cuentan ya con licencias ambientales para la construcci\u00f3n de rellenos sanitarios, eliminaci\u00f3n de botaderos a cielo abierto y construcci\u00f3n de una planta de tratamiento de Aguas Residuales para la ciudad de Ibarra.<\/p>\n<p style=\"text-align: justify;\">Durante el 2014 se firmaron 12 convenios con GAD Parroquiales con el objetivo de lograr restaurar 11 694,62 hect\u00e1reas de bosques nativos, con un monto de inversi\u00f3n de 7133 975,19 d\u00f3lares.<\/p>\n<p style=\"text-align: justify;\">Socio Bosque fue uno de los pilares fundamentales de la gesti\u00f3n ambiental en la provincia pues esta iniciativa logr\u00f3 conservar 30 427,7 hect\u00e1reas de bosques secos. Hasta la fecha se ha entregado 401 432,72 d\u00f3lares a los beneficiarios del programa.<\/p>\n<p style=\"text-align: justify;\">La Direcci\u00f3n Provincial a trav\u00e9s de la Unidad de Biodiversidad administraci\u00f3n y protege la Reserva Ecol\u00f3gica Cotacachi &#8211; Cayapas que abastece de agua a m\u00e1s de 500 000 personas de Imbabura, Carchi, Pichincha y Esmeraldas.<\/p>\n<p style=\"text-align: justify;\">En el per\u00edodo 2014 en Imbabura se realizaron cinco campa\u00f1as para concienciar a la poblaci\u00f3n en el uso alternativo de palma de cera, recolecci\u00f3n de residuos s\u00f3lido, incendios forestales, control de musgos en \u00e9poca navide\u00f1a y movilizaci\u00f3n ilegal de la madera y vida silvestre.<\/p>\n<p style=\"text-align: justify;\">Adem\u00e1s se efectu\u00f3 la Gran Minga de la Mancomunidad y limpieza de los lagos San Pablo en Otavalo, Yaguarcocha en Ibarra y Cuicocha en Cotacachi, con la presencia de 1 828 voluntarios y con un aproximado de recolecci\u00f3n de basura de 25 12,99 kilogramos de residuos s\u00f3lidos.\/da-ds<\/p>\n","protected":false},"excerpt":{"rendered":"<p class=\"excerpt\">En cumpliendo del art. 204 de la Constituci\u00f3n, Segundo Fuentes, Director Provincial del Ambiente de Imbabura efectu\u00f3 la Rendici\u00f3n de Cuentas de la Gesti\u00f3n Ambiental que esta Cartera de Estado lleva a cabo en la provincia. Durante el a\u00f1o 2014 se implementaron y desarrollaron diferentes iniciativas para la gesti\u00f3n ambiental con el objetivo de promover un adecuado manejo de los&hellip; <a href=\"https:\/\/www.ambienteyenergia.gob.ec\/ambiente\/imbabura-presenta-resultados-de-gestion-ambiental-2014\/\">Read more &rarr;<\/a><\/p>\n","protected":false},"author":13,"featured_media":24406,"comment_status":"open","ping_status":"open","sticky":false,"template":"","format":"standard","meta":{"footnotes":""},"categories":[16,4],"tags":[598,162,108,53,435],"class_list":["post-24405","post","type-post","status-publish","format-standard","has-post-thumbnail","hentry","category-comunicamos","category-noticias","tag-gestion-ambiental","tag-imbabura","tag-lorena-tapia","tag-mae","tag-rendicion-de-cuentas","xfolkentry"],"_links":{"self":[{"href":"https:\/\/www.ambienteyenergia.gob.ec\/ambiente\/wp-json\/wp\/v2\/posts\/24405","targetHints":{"allow":["GET"]}}],"collection":[{"href":"https:\/\/www.ambienteyenergia.gob.ec\/ambiente\/wp-json\/wp\/v2\/posts"}],"about":[{"href":"https:\/\/www.ambienteyenergia.gob.ec\/ambiente\/wp-json\/wp\/v2\/types\/post"}],"author":[{"embeddable":true,"href":"https:\/\/www.ambienteyenergia.gob.ec\/ambiente\/wp-json\/wp\/v2\/users\/13"}],"replies":[{"embeddable":true,"href":"https:\/\/www.ambienteyenergia.gob.ec\/ambiente\/wp-json\/wp\/v2\/comments?post=24405"}],"version-history":[{"count":0,"href":"https:\/\/www.ambienteyenergia.gob.ec\/ambiente\/wp-json\/wp\/v2\/posts\/24405\/revisions"}],"wp:featuredmedia":[{"embeddable":true,"href":"https:\/\/www.ambienteyenergia.gob.ec\/ambiente\/wp-json\/wp\/v2\/media\/24406"}],"wp:attachment":[{"href":"https:\/\/www.ambienteyenergia.gob.ec\/ambiente\/wp-json\/wp\/v2\/media?parent=24405"}],"wp:term":[{"taxonomy":"category","embeddable":true,"href":"https:\/\/www.ambienteyenergia.gob.ec\/ambiente\/wp-json\/wp\/v2\/categories?post=24405"},{"taxonomy":"post_tag","embeddable":true,"href":"https:\/\/www.ambienteyenergia.gob.ec\/ambiente\/wp-json\/wp\/v2\/tags?post=24405"}],"curies":[{"name":"wp","href":"https:\/\/api.w.org\/{rel}","templated":true}]}}