{"id":24398,"date":"2015-02-19T14:45:44","date_gmt":"2015-02-19T19:45:44","guid":{"rendered":"http:\/\/www.ambiente.gob.ec\/?p=24398"},"modified":"2015-02-19T18:00:39","modified_gmt":"2015-02-19T23:00:39","slug":"amaru-el-nuevo-hogar-para-39-reptiles","status":"publish","type":"post","link":"https:\/\/www.ambienteyenergia.gob.ec\/ambiente\/amaru-el-nuevo-hogar-para-39-reptiles\/","title":{"rendered":"Amaru, un nuevo hogar para 39 reptiles"},"content":{"rendered":"<p>39 reptiles fueron entregados al Bioparque Zool\u00f3gico Amaru, ubicado en la provincia del Azuay como parte de las actividades de control y monitoreo de vida silvestre.<\/p>\n<p>Los espec\u00edmenes que se encontraban de forma temporal en el Centro de Rescate Guayabillas fueron trasladas a su nuevo hogar en Azuay con el objetivo de garantizar su protecci\u00f3n en un espacio adecuado que presenta las condiciones adecuadas para su desarrollo.<\/p>\n<p>La Direcci\u00f3n Provincial del Ambiente realiz\u00f3 los tr\u00e1mites pertinentes para que los reptiles sean trasladados a un lugar que cumpla con todos los requisitos necesarios para su cuidado y protecci\u00f3n.<\/p>\n<p>Marcelo Pantoja, responsable de Vida Silvestre del Ministerio del Ambiente (MAE) indic\u00f3 que desde enero se inici\u00f3 el proceso de redistribuci\u00f3n de los animales. \u201cHay la aceptaci\u00f3n de zool\u00f3gicos a nivel nacional que solicitaron hacerse cargo de ellos. Adem\u00e1s hay solicitudes de instituciones locales que desean manejar el Centro\u201d, se analizar\u00e1n las peticiones.<\/p>\n<p>Ernesto Arbel\u00e1ez, director Ejecutivo y de Conservaci\u00f3n del Bioparque Zool\u00f3gico Amaru manifest\u00f3 que recibieron solicitud por parte del MAE para encargarse de los reptiles, debido a su trayectoria y experiencia en el manejo de animales silvestres.<\/p>\n<p>Las medidas tomadas fueron: tener la capacidad para recibir a los animales, en lo que respecta a espacio y h\u00e1bitat recreado de cada especie. Se busca que desde el primer momento se siga con el protocolo debido para tener cuidado con el tema de desbalances t\u00e9rmicos, pues, son animales de sangre fr\u00eda, as\u00ed tambi\u00e9n en los temas de alimentaci\u00f3n y salud.<\/p>\n<p>El bi\u00f3logo Ernesto Arbel\u00e1ez recalc\u00f3 que en todos los casos se puede identificar que son animales rescatados con secuelas de maltrato por el tr\u00e1fico ilegal de especies silvestres. \u201cLas gal\u00e1pagos tienen, inclusive, aberturas en los caparazones por el mortificaci\u00f3n\u201d.\/da-ds<\/p>\n<p><strong>El Dato<\/strong><\/p>\n<p>Amaru es un zool\u00f3gico y centro de rescate animal. Cuentan con un hospital animal y un refugio de vida silvestre con expertos en temas de decomisos y rescates de animales.<\/p>\n<p>Este lugar se ha constituido como uno de los parques m\u00e1s grandes del pa\u00eds, pues alberga m\u00e1s de 800 animales.<\/p>\n","protected":false},"excerpt":{"rendered":"<p class=\"excerpt\">39 reptiles fueron entregados al Bioparque Zool\u00f3gico Amaru, ubicado en la provincia del Azuay como parte de las actividades de control y monitoreo de vida silvestre. Los espec\u00edmenes que se encontraban de forma temporal en el Centro de Rescate Guayabillas fueron trasladas a su nuevo hogar en Azuay con el objetivo de garantizar su protecci\u00f3n en un espacio adecuado que&hellip; <a href=\"https:\/\/www.ambienteyenergia.gob.ec\/ambiente\/amaru-el-nuevo-hogar-para-39-reptiles\/\">Read more &rarr;<\/a><\/p>\n","protected":false},"author":13,"featured_media":24400,"comment_status":"open","ping_status":"open","sticky":false,"template":"","format":"standard","meta":{"footnotes":""},"categories":[16,4],"tags":[108,53,305,408,678],"class_list":["post-24398","post","type-post","status-publish","format-standard","has-post-thumbnail","hentry","category-comunicamos","category-noticias","tag-lorena-tapia","tag-mae","tag-reptiles","tag-vida-silvestre","tag-zoologico-amaru","xfolkentry"],"_links":{"self":[{"href":"https:\/\/www.ambienteyenergia.gob.ec\/ambiente\/wp-json\/wp\/v2\/posts\/24398","targetHints":{"allow":["GET"]}}],"collection":[{"href":"https:\/\/www.ambienteyenergia.gob.ec\/ambiente\/wp-json\/wp\/v2\/posts"}],"about":[{"href":"https:\/\/www.ambienteyenergia.gob.ec\/ambiente\/wp-json\/wp\/v2\/types\/post"}],"author":[{"embeddable":true,"href":"https:\/\/www.ambienteyenergia.gob.ec\/ambiente\/wp-json\/wp\/v2\/users\/13"}],"replies":[{"embeddable":true,"href":"https:\/\/www.ambienteyenergia.gob.ec\/ambiente\/wp-json\/wp\/v2\/comments?post=24398"}],"version-history":[{"count":0,"href":"https:\/\/www.ambienteyenergia.gob.ec\/ambiente\/wp-json\/wp\/v2\/posts\/24398\/revisions"}],"wp:featuredmedia":[{"embeddable":true,"href":"https:\/\/www.ambienteyenergia.gob.ec\/ambiente\/wp-json\/wp\/v2\/media\/24400"}],"wp:attachment":[{"href":"https:\/\/www.ambienteyenergia.gob.ec\/ambiente\/wp-json\/wp\/v2\/media?parent=24398"}],"wp:term":[{"taxonomy":"category","embeddable":true,"href":"https:\/\/www.ambienteyenergia.gob.ec\/ambiente\/wp-json\/wp\/v2\/categories?post=24398"},{"taxonomy":"post_tag","embeddable":true,"href":"https:\/\/www.ambienteyenergia.gob.ec\/ambiente\/wp-json\/wp\/v2\/tags?post=24398"}],"curies":[{"name":"wp","href":"https:\/\/api.w.org\/{rel}","templated":true}]}}