{"id":24395,"date":"2015-02-18T17:57:57","date_gmt":"2015-02-18T22:57:57","guid":{"rendered":"http:\/\/www.ambiente.gob.ec\/?p=24395"},"modified":"2015-02-18T17:57:57","modified_gmt":"2015-02-18T22:57:57","slug":"51-557-kg-de-desechos-fueron-evacuados-de-las-playas-durante-el-feriado-de-carnaval","status":"publish","type":"post","link":"https:\/\/www.ambienteyenergia.gob.ec\/ambiente\/51-557-kg-de-desechos-fueron-evacuados-de-las-playas-durante-el-feriado-de-carnaval\/","title":{"rendered":"51 557 kg de desechos fueron evacuados de las playas durante el feriado de Carnaval"},"content":{"rendered":"<p class=\"western\"><span lang=\"es-EC\">Desde el s\u00e1bado 14 hasta el martes 17 de febrero se realiz\u00f3 el evento Limpieza de Playas, promovido por el Ministerio del Ambiente (MAE), en los balnearios m\u00e1s concurridos del perfil costanero ecuatoriano, a trav\u00e9s de sus direcciones provinciales y el Programa Nacional para la Gesti\u00f3n Integral de Desechos S\u00f3lidos (PNGIDS). <\/span><\/p>\n<p class=\"western\">Las direcciones provinciales de Esmeraldas, Manab\u00ed, Guayas, Santa Elena y El Oro reportaron entre todas ellas un total de 51 557 kilogramos de desechos evacuados de las playas, entre los cuales <span lang=\"es-EC\">se encontraron: vidrios, empaques y restos de comida, pl\u00e1stico, colillas de cigarrillo, entre otros.<\/span><\/p>\n<p class=\"western\">A continuaci\u00f3n un detalle del trabajo realizado:<\/p>\n<p class=\"western\"><strong>Esmeraldas<\/strong><\/p>\n<p class=\"western\">Los desechos de <span lang=\"es-EC\">Las Pe\u00f1as (cant\u00f3n Eloy Alfaro), Las Palmas (cant\u00f3n Esmeraldas), Tonsupa, Atacames, S\u00faa, Same (cant\u00f3n Atacames), Mompiche (cant\u00f3n Muisne), fueron retirados en este Carnaval 2015.<\/span><\/p>\n<p class=\"western\"><span lang=\"es-EC\">Funcionarios del MAE, de la Gobernaci\u00f3n de Esmeraldas, de la Secretar\u00eda Nacional del Agua, del Ministerio de Salud P\u00fablica, de la Direcci\u00f3n Regional de Espacios Acu\u00e1ticos, de la Armada Nacional, de la Polic\u00eda Nacional, y los GAD Municipales concienciaron a turistas, visitantes y prestadores de servicios tur\u00edsticos sobre la importancia de mantener las playas limpias, depositando los desechos generados en los lugares destinados para este fin.<\/span><\/p>\n<p class=\"western\"><span lang=\"es-MX\">Alrededor de 1 575,05 kg de desechos s\u00f3lidos fueron retirados de las sietes playas, siendo Atacames la que m\u00e1s desechos retir\u00f3, con un total de<\/span> <span lang=\"es-MX\">397 kg. La playa con menos desechos fue Same con 53,90 kg. <\/span><\/p>\n<p class=\"western\">Cabe destacar que existe una diferencia positiva en cuanto a la recolecci\u00f3n de residuos presentada durante el feriado de Carnaval 2014 en donde se retiraron 2 757 kg de desechos s\u00f3lidos en las mismas playas. Es decir hubo una disminuci\u00f3n de 1 181,95 kg de residuos.<\/p>\n<p class=\"western\"><strong>Manab\u00ed<\/strong><\/p>\n<p class=\"western\">14 playas de esta provincia: Canoa, Sucre, San Jacinto, San Clemente, Cojimies, Pedernales, Crucita, La Boca, Santa Marianita, San Lorenzo, Murci\u00e9lago, Puerto Cayo, Los Frailes y Puerto L\u00f3pez fueron limpiadas gracias al trabajo coordinado de la Direcci\u00f3n Provincial de Manab\u00ed, junto con autoridades civiles, militares, comerciantes, voluntarios y turistas durante el feriado de Carnaval 2015.<\/p>\n<p class=\"western\">En esta labor se lograron recuperar 2 882 kg de basura, en un \u00e1rea de 42 kil\u00f3metros. Esto representa una disminuci\u00f3n en comparaci\u00f3n al feriado pasado, en el cual se retir\u00f3 casi el doble de residuos en la misma extensi\u00f3n de playa recorrida.<\/p>\n<p class=\"western\">Adem\u00e1s del trabajo voluntario se cont\u00f3 con maquinaria de los GAD Municipales y parroquiales para trasladar los desechos hasta los sitios de disposici\u00f3n final.<\/p>\n<p class=\"western\">Las autoridades provinciales insisten en un trabajo coordinado respaldado por la colaboraci\u00f3n de la ciudadan\u00eda para mantener limpias las playas manabitas y ecuatorianas.<\/p>\n<p class=\"western\"><strong>Guayas<\/strong><\/p>\n<p class=\"western\">El MAE, a trav\u00e9s de la administraci\u00f3n del \u00c1rea Nacional de Recreaci\u00f3n Playas Villamil, limpi\u00f3 cuatro puntos estrat\u00e9gicos: Humboldt (Rompe olas), Cancha, Esterillo y las Valentinas de donde se <span lang=\"es-MX\">recolectaron alrededor de 5 200 kg, de desechos s\u00f3lidos.<\/span><\/p>\n<p class=\"western\">Funcionarios del MAE <span lang=\"es-EC\">promovieron la separaci\u00f3n en la fuente y la reducci\u00f3n de residuos, evitando as\u00ed que las playas se conviertan en botaderos de basura durante las actividades tur\u00edsticas y diarias de la ciudadan\u00eda. <\/span><\/p>\n<p class=\"western\">Se cont\u00f3 con la colaboraci\u00f3n de la Armada del Ecuador, Agencia Nacional de Tr\u00e1nsito, Cruz Roja, <span lang=\"es-MX\">GAD Municipal de Playas<\/span>, Direcci\u00f3n provincial de Salud, entre otros.<\/p>\n<p class=\"western\"><strong>Santa Elena<\/strong><\/p>\n<p class=\"western\"><span lang=\"es-EC\">27 playas de esta provincia, <\/span>con una extensi\u00f3n de 38,6 km en total fueron limpiadas gracias a la participaci\u00f3n masiva de 3 512 voluntarios correspondientes a asociaciones, caba\u00f1eros, comit\u00e9 de turismo de los cabildos, artesanos, prestadores de servicios, entre otros. Todos juntos retiraron de las playas 28 600 kg de desechos en el cual predomin\u00f3 el vidrio con un peso de 900 kg.<\/p>\n<p class=\"western\">Adem\u00e1s de la Limpieza de Playas, la Direcci\u00f3n Provincial de Santa Elena atendi\u00f3 denuncias sobre rescate de especies marinas como Gaviotas cabecigris, Gaviota ruidora, tortugas marinas, pel\u00edcanos, mismas que recibieron atenci\u00f3n veterinaria adecuada antes de su traslado hacia sus lugares de origen.<\/p>\n<p class=\"western\">Tambi\u00e9n se realiz\u00f3 monitoreo de ruido en las playas con el equipo de la Unidad de Calidad Ambiental, con el objetivo de reducir el impacto auditivo para la poblaci\u00f3n.<\/p>\n<p class=\"western\">Asimismo, previo el feriado de carnaval, la Direcci\u00f3n Provincial solicit\u00f3 el Plan de Acci\u00f3n sobre el manejo de desechos s\u00f3lidos a los GAD Municipales de Salinas, La Libertad y Santa Elena, los cuales fueron monitoreados sobre el cumplimiento oportuno de los horarios de recolecci\u00f3n y disposici\u00f3n final de los desechos s\u00f3lidos.<\/p>\n<p class=\"western\"><strong>El Oro<\/strong><\/p>\n<p class=\"western\">Aqu\u00ed se intervinieron las playas de Jambel\u00ed y Bajo Alto retirando un total de 13 300kg de desechos con un total de 85 voluntarios pertenecientes al GAD Municipal del Guabo, GAD Municipal de Santa Rosa, del servicio civil ciudadano y de la Direcci\u00f3n Provincial del Oro.<\/p>\n<p class=\"western\"><strong>Trabajo interinstitucional coordinado con el apoyo ciudadano<\/strong><\/p>\n<p class=\"western\"><span lang=\"es-EC\">El Ministerio del Ambiente, como ente rector, coordinador, regulador y facilitador de la Gesti\u00f3n Ambiental en el pa\u00eds trabaja desde el a\u00f1o 2010 en la campa\u00f1a de Limpieza de Playas sensibilizando a la poblaci\u00f3n por mantener nuestras playas limpias contribuyendo de esta manera al desarrollo de una sociedad con responsabilidad ambiental y social.\/ba-ds<\/span><\/p>\n","protected":false},"excerpt":{"rendered":"<p class=\"excerpt\">Desde el s\u00e1bado 14 hasta el martes 17 de febrero se realiz\u00f3 el evento Limpieza de Playas, promovido por el Ministerio del Ambiente (MAE), en los balnearios m\u00e1s concurridos del perfil costanero ecuatoriano, a trav\u00e9s de sus direcciones provinciales y el Programa Nacional para la Gesti\u00f3n Integral de Desechos S\u00f3lidos (PNGIDS). Las direcciones provinciales de Esmeraldas, Manab\u00ed, Guayas, Santa Elena&hellip; <a href=\"https:\/\/www.ambienteyenergia.gob.ec\/ambiente\/51-557-kg-de-desechos-fueron-evacuados-de-las-playas-durante-el-feriado-de-carnaval\/\">Read more &rarr;<\/a><\/p>\n","protected":false},"author":13,"featured_media":24396,"comment_status":"open","ping_status":"open","sticky":false,"template":"","format":"standard","meta":{"footnotes":""},"categories":[16,4],"tags":[677,676,108,53,418],"class_list":["post-24395","post","type-post","status-publish","format-standard","has-post-thumbnail","hentry","category-comunicamos","category-noticias","tag-feriado-carnaval","tag-limpieza-de-playas","tag-lorena-tapia","tag-mae","tag-playas-limpias","xfolkentry"],"_links":{"self":[{"href":"https:\/\/www.ambienteyenergia.gob.ec\/ambiente\/wp-json\/wp\/v2\/posts\/24395","targetHints":{"allow":["GET"]}}],"collection":[{"href":"https:\/\/www.ambienteyenergia.gob.ec\/ambiente\/wp-json\/wp\/v2\/posts"}],"about":[{"href":"https:\/\/www.ambienteyenergia.gob.ec\/ambiente\/wp-json\/wp\/v2\/types\/post"}],"author":[{"embeddable":true,"href":"https:\/\/www.ambienteyenergia.gob.ec\/ambiente\/wp-json\/wp\/v2\/users\/13"}],"replies":[{"embeddable":true,"href":"https:\/\/www.ambienteyenergia.gob.ec\/ambiente\/wp-json\/wp\/v2\/comments?post=24395"}],"version-history":[{"count":0,"href":"https:\/\/www.ambienteyenergia.gob.ec\/ambiente\/wp-json\/wp\/v2\/posts\/24395\/revisions"}],"wp:featuredmedia":[{"embeddable":true,"href":"https:\/\/www.ambienteyenergia.gob.ec\/ambiente\/wp-json\/wp\/v2\/media\/24396"}],"wp:attachment":[{"href":"https:\/\/www.ambienteyenergia.gob.ec\/ambiente\/wp-json\/wp\/v2\/media?parent=24395"}],"wp:term":[{"taxonomy":"category","embeddable":true,"href":"https:\/\/www.ambienteyenergia.gob.ec\/ambiente\/wp-json\/wp\/v2\/categories?post=24395"},{"taxonomy":"post_tag","embeddable":true,"href":"https:\/\/www.ambienteyenergia.gob.ec\/ambiente\/wp-json\/wp\/v2\/tags?post=24395"}],"curies":[{"name":"wp","href":"https:\/\/api.w.org\/{rel}","templated":true}]}}