{"id":24392,"date":"2015-02-18T17:07:14","date_gmt":"2015-02-18T22:07:14","guid":{"rendered":"http:\/\/www.ambiente.gob.ec\/?p=24392"},"modified":"2015-02-18T17:07:14","modified_gmt":"2015-02-18T22:07:14","slug":"2-882-kilos-de-desechos-fueron-recolectados-en-manabi","status":"publish","type":"post","link":"https:\/\/www.ambienteyenergia.gob.ec\/ambiente\/2-882-kilos-de-desechos-fueron-recolectados-en-manabi\/","title":{"rendered":"2 882 kilos de desechos fueron recolectados en Manab\u00ed"},"content":{"rendered":"<p style=\"margin-bottom: 0.28cm;\" align=\"JUSTIFY\"><span style=\"font-family: Arial,serif;\"><span style=\"font-size: medium;\">Como resultado de la campa\u00f1a Playas Limpias, ejectuada en este feriado de carnaval, el Ministerio del Ambiente de Ecuador (MAE) realiz\u00f3 una gran limpieza de playas en Manab\u00ed con el objetivo de disminuir el impacto ambiental generado por la alta visitaci\u00f3n de estos lugares tur\u00edsticos.<\/span><\/span><\/p>\n<p style=\"margin-bottom: 0.28cm;\" align=\"JUSTIFY\"><span style=\"font-family: Arial,serif;\"><span style=\"font-size: medium;\">L<\/span><\/span><span style=\"font-family: Arial,serif;\"><span style=\"font-size: medium;\">a Direcci\u00f3n Provincial del Ambiente de Manab\u00ed, en coordinaci\u00f3n con autoridades civiles, militares, comerciantes, voluntarios y turistas <\/span><\/span><span style=\"font-family: Arial,serif;\"><span style=\"font-size: medium;\">intervino en 14 playas de esta provincia que recibieron mayor visitaci\u00f3n durante estos \u00faltimos cuatro d\u00edas.<\/span><\/span><\/p>\n<p style=\"margin-bottom: 0.28cm;\" align=\"JUSTIFY\"><span style=\"font-family: Arial,serif;\"><span style=\"font-size: medium;\">Durante esta campa\u00f1a se logr\u00f3 recoger <\/span><\/span><span style=\"font-family: Arial,serif;\"><span style=\"font-size: medium;\">2 882 kilos de basura, en una dimensi\u00f3n de 42 kil\u00f3metros. <\/span><\/span><span style=\"font-family: Arial,serif;\"><span style=\"font-size: medium;\">Esto da muestra del \u00e9xito que ha<\/span><\/span><span style=\"font-family: Arial,serif;\"><span style=\"font-size: medium;\">n <\/span><\/span><span style=\"font-family: Arial,serif;\"><span style=\"font-size: medium;\">tenido las m\u00faltiples campa\u00f1as de educaci\u00f3n ambiental y de limpieza de playa que esta Cartera de Estado realiza de forma permanente, pues en septiembre pasado se recole<\/span><\/span><span style=\"font-family: Arial,serif;\"><span style=\"font-size: medium;\">c<\/span><\/span><span style=\"font-family: Arial,serif;\"><span style=\"font-size: medium;\">t\u00f3 un total de 3 740 kilos de desechos en nueve playas intervenidas.<\/span><\/span><\/p>\n<p style=\"margin-bottom: 0.28cm;\" align=\"JUSTIFY\"><span style=\"font-family: Arial,serif;\"><span style=\"font-size: medium;\">El MAE destaca la colaboraci\u00f3n de las autoridades de los GAD cantonales y parroquiales, quienes con ayuda de recolectores, palas mec\u00e1nicas y personal traslad<\/span><\/span><span style=\"font-family: Arial,serif;\"><span style=\"font-size: medium;\">aron los residuos<\/span><\/span><span style=\"font-family: Arial,serif;\"><span style=\"font-size: medium;\"> hasta los botaderos <\/span><\/span><span style=\"font-family: Arial,serif;\"><span style=\"font-size: medium;\">correspondientes<\/span><\/span><span style=\"font-family: Arial,serif;\"><span style=\"font-size: medium;\"> para su disposici\u00f3n final.<\/span><\/span><\/p>\n<p style=\"margin-bottom: 0.28cm;\" align=\"JUSTIFY\"><span style=\"font-family: Arial,serif;\"><span style=\"font-size: medium;\">T\u00e9cnicos del MAE<\/span><\/span><span style=\"font-family: Arial,serif;\"><span style=\"font-size: medium;\"> durante <\/span><\/span><span style=\"font-family: Arial,serif;\"><span style=\"font-size: medium;\">este evento realizaron adem\u00e1s campa\u00f1as de educaci\u00f3n ambiental dirigidas a <\/span><\/span><span style=\"font-family: Arial,serif;\"><span style=\"font-size: medium;\">turistas y moradores de los diferentes sectores para mejorar la gesti\u00f3n de los residuos s\u00f3lidos y de esta manera concienciar a la poblaci\u00f3n sobre el correcto manejo <\/span><\/span><span style=\"font-family: Arial,serif;\"><span style=\"font-size: medium;\">y disposici\u00f3n final de l<\/span><\/span><span style=\"font-family: Arial,serif;\"><span style=\"font-size: medium;\">os desechos.<\/span><\/span><\/p>\n<p style=\"margin-bottom: 0.28cm;\" align=\"JUSTIFY\"><span style=\"font-family: Arial,serif;\"><span style=\"font-size: medium;\">Con el apoyo de toda la ciudadan\u00eda, esta Cartera de Estado ha logrado<\/span><\/span><span style=\"font-family: Arial,serif;\"><span style=\"font-size: medium;\"> que las playas <\/span><\/span><span style=\"font-family: Arial,serif;\"><span style=\"font-size: medium;\">no sean <\/span><\/span><span style=\"font-family: Arial,serif;\"><span style=\"font-size: medium;\">contaminadas <\/span><\/span><span style=\"font-family: Arial,serif;\"><span style=\"font-size: medium;\">disminuyendo el peligro y afectaci\u00f3n a las<\/span><\/span><span style=\"font-family: Arial,serif;\"><span style=\"font-size: medium;\"> especies marinas <\/span><\/span><span style=\"font-family: Arial,serif;\"><span style=\"font-size: medium;\">que habitan estos ecosistemas<\/span><\/span><span style=\"font-family: Arial,serif;\"><span style=\"font-size: medium;\">.\/<\/span><\/span><span style=\"font-family: Arial,serif;\"><span style=\"font-size: medium;\">jb-ds<\/span><\/span><\/p>\n","protected":false},"excerpt":{"rendered":"<p class=\"excerpt\">Como resultado de la campa\u00f1a Playas Limpias, ejectuada en este feriado de carnaval, el Ministerio del Ambiente de Ecuador (MAE) realiz\u00f3 una gran limpieza de playas en Manab\u00ed con el objetivo de disminuir el impacto ambiental generado por la alta visitaci\u00f3n de estos lugares tur\u00edsticos. La Direcci\u00f3n Provincial del Ambiente de Manab\u00ed, en coordinaci\u00f3n con autoridades civiles, militares, comerciantes, voluntarios&hellip; <a href=\"https:\/\/www.ambienteyenergia.gob.ec\/ambiente\/2-882-kilos-de-desechos-fueron-recolectados-en-manabi\/\">Read more &rarr;<\/a><\/p>\n","protected":false},"author":13,"featured_media":24393,"comment_status":"open","ping_status":"open","sticky":false,"template":"","format":"standard","meta":{"footnotes":""},"categories":[16,4],"tags":[676,108,53,60,418],"class_list":["post-24392","post","type-post","status-publish","format-standard","has-post-thumbnail","hentry","category-comunicamos","category-noticias","tag-limpieza-de-playas","tag-lorena-tapia","tag-mae","tag-manabi","tag-playas-limpias","xfolkentry"],"_links":{"self":[{"href":"https:\/\/www.ambienteyenergia.gob.ec\/ambiente\/wp-json\/wp\/v2\/posts\/24392","targetHints":{"allow":["GET"]}}],"collection":[{"href":"https:\/\/www.ambienteyenergia.gob.ec\/ambiente\/wp-json\/wp\/v2\/posts"}],"about":[{"href":"https:\/\/www.ambienteyenergia.gob.ec\/ambiente\/wp-json\/wp\/v2\/types\/post"}],"author":[{"embeddable":true,"href":"https:\/\/www.ambienteyenergia.gob.ec\/ambiente\/wp-json\/wp\/v2\/users\/13"}],"replies":[{"embeddable":true,"href":"https:\/\/www.ambienteyenergia.gob.ec\/ambiente\/wp-json\/wp\/v2\/comments?post=24392"}],"version-history":[{"count":0,"href":"https:\/\/www.ambienteyenergia.gob.ec\/ambiente\/wp-json\/wp\/v2\/posts\/24392\/revisions"}],"wp:featuredmedia":[{"embeddable":true,"href":"https:\/\/www.ambienteyenergia.gob.ec\/ambiente\/wp-json\/wp\/v2\/media\/24393"}],"wp:attachment":[{"href":"https:\/\/www.ambienteyenergia.gob.ec\/ambiente\/wp-json\/wp\/v2\/media?parent=24392"}],"wp:term":[{"taxonomy":"category","embeddable":true,"href":"https:\/\/www.ambienteyenergia.gob.ec\/ambiente\/wp-json\/wp\/v2\/categories?post=24392"},{"taxonomy":"post_tag","embeddable":true,"href":"https:\/\/www.ambienteyenergia.gob.ec\/ambiente\/wp-json\/wp\/v2\/tags?post=24392"}],"curies":[{"name":"wp","href":"https:\/\/api.w.org\/{rel}","templated":true}]}}