{"id":24382,"date":"2015-02-15T09:48:11","date_gmt":"2015-02-15T14:48:11","guid":{"rendered":"http:\/\/www.ambiente.gob.ec\/?p=24382"},"modified":"2015-02-18T09:55:39","modified_gmt":"2015-02-18T14:55:39","slug":"maquinaria-suspendida-y-personas-detenidas-es-el-resultado-del-operativo-de-mineria-ilegal-en-esmeraldas","status":"publish","type":"post","link":"https:\/\/www.ambienteyenergia.gob.ec\/ambiente\/maquinaria-suspendida-y-personas-detenidas-es-el-resultado-del-operativo-de-mineria-ilegal-en-esmeraldas\/","title":{"rendered":"Maquinaria suspendida y personas detenidas es el resultado del operativo de miner\u00eda ilegal en Esmeraldas"},"content":{"rendered":"<p style=\"text-align: justify;\">Un nuevo operativo para combatir la miner\u00eda ilegal en el pa\u00eds se realiz\u00f3 el pasado 10 de febrero en la parte alta del r\u00edo Cachav\u00ed, cant\u00f3n San Lorenzo, provincia de Esmeraldas. Un equipo t\u00e9cnico del Programa de Reparaci\u00f3n Ambiental y Social (PRAS) del Ministerio del Ambiente particip\u00f3 en la diligencia de seguridad que tuvo como resultado el cierre del frente minero y la detenci\u00f3n de 12 implicados.<\/p>\n<p style=\"text-align: justify;\">En la inspecci\u00f3n que ejecutaron los especialistas ambientales y jur\u00eddicos del PRAS se encontr\u00f3 un campamento minero de 191 m<sup>2<\/sup>, el cual fue construido de forma rudimentaria con materiales de madera y pl\u00e1stico. En los alrededores se observ\u00f3 gran cantidad de desechos s\u00f3lidos como botellas, ropa, papel y botas de caucho.<\/p>\n<p style=\"text-align: justify;\">En el recorrido por la zona de explotaci\u00f3n minera, que abarcaba cerca de 3.5 ha, los t\u00e9cnicos del PRAS comprobaron la p\u00e9rdida de la cobertura forestal. Adem\u00e1s, observaron la disposici\u00f3n anti-t\u00e9cnica de hidrocarburos y sus derivados, lo que provoca la alteraci\u00f3n f\u00edsico-qu\u00edmica en la capa f\u00e9rtil del suelo. Se debe considerar que este tipo de compuestos, dependiendo de la naturaleza del suelo, pueden llegar hasta los cuerpos h\u00eddricos cercanos.<\/p>\n<p style=\"text-align: justify;\">En el campamento minero, conformado por seis caba\u00f1as, permanec\u00edan 12 ciudadanos implicados en la actividad, quienes fueron trasladados a San Lorenzo y fueron puestos a \u00f3rdenes de la Fiscal\u00eda para que puedan rendir su versi\u00f3n.<\/p>\n<p style=\"text-align: justify;\">En el campamento tambi\u00e9n se hallaron: dos retroexcavadoras, una draga, un separador gravim\u00e9trico, dos generadores de luz y tres tanques de gas. La maquinaria fue suspendida e inmovilizada.<\/p>\n<p style=\"text-align: justify;\">Estos operativos de intervenci\u00f3n son liderados por la Comisi\u00f3n Especial para el Control de la Miner\u00eda Ilegal (CECMI), que est\u00e1 conformada por el\u00a0Ministerio del Ambiente, Agencia de Regulaci\u00f3n y Control Minero (ARCOM), las Fuerzas Armadas, la Polic\u00eda Nacional y la Fiscal\u00eda General del Estado.<\/p>\n<p>&nbsp;<\/p>\n","protected":false},"excerpt":{"rendered":"<p class=\"excerpt\">Un nuevo operativo para combatir la miner\u00eda ilegal en el pa\u00eds se realiz\u00f3 el pasado 10 de febrero en la parte alta del r\u00edo Cachav\u00ed, cant\u00f3n San Lorenzo, provincia de Esmeraldas. Un equipo t\u00e9cnico del Programa de Reparaci\u00f3n Ambiental y Social (PRAS) del Ministerio del Ambiente particip\u00f3 en la diligencia de seguridad que tuvo como resultado el cierre del frente&hellip; <a href=\"https:\/\/www.ambienteyenergia.gob.ec\/ambiente\/maquinaria-suspendida-y-personas-detenidas-es-el-resultado-del-operativo-de-mineria-ilegal-en-esmeraldas\/\">Read more &rarr;<\/a><\/p>\n","protected":false},"author":13,"featured_media":24383,"comment_status":"open","ping_status":"open","sticky":false,"template":"","format":"standard","meta":{"footnotes":""},"categories":[16,4],"tags":[387],"class_list":["post-24382","post","type-post","status-publish","format-standard","has-post-thumbnail","hentry","category-comunicamos","category-noticias","tag-mae-lorena-tapia","xfolkentry"],"_links":{"self":[{"href":"https:\/\/www.ambienteyenergia.gob.ec\/ambiente\/wp-json\/wp\/v2\/posts\/24382","targetHints":{"allow":["GET"]}}],"collection":[{"href":"https:\/\/www.ambienteyenergia.gob.ec\/ambiente\/wp-json\/wp\/v2\/posts"}],"about":[{"href":"https:\/\/www.ambienteyenergia.gob.ec\/ambiente\/wp-json\/wp\/v2\/types\/post"}],"author":[{"embeddable":true,"href":"https:\/\/www.ambienteyenergia.gob.ec\/ambiente\/wp-json\/wp\/v2\/users\/13"}],"replies":[{"embeddable":true,"href":"https:\/\/www.ambienteyenergia.gob.ec\/ambiente\/wp-json\/wp\/v2\/comments?post=24382"}],"version-history":[{"count":0,"href":"https:\/\/www.ambienteyenergia.gob.ec\/ambiente\/wp-json\/wp\/v2\/posts\/24382\/revisions"}],"wp:featuredmedia":[{"embeddable":true,"href":"https:\/\/www.ambienteyenergia.gob.ec\/ambiente\/wp-json\/wp\/v2\/media\/24383"}],"wp:attachment":[{"href":"https:\/\/www.ambienteyenergia.gob.ec\/ambiente\/wp-json\/wp\/v2\/media?parent=24382"}],"wp:term":[{"taxonomy":"category","embeddable":true,"href":"https:\/\/www.ambienteyenergia.gob.ec\/ambiente\/wp-json\/wp\/v2\/categories?post=24382"},{"taxonomy":"post_tag","embeddable":true,"href":"https:\/\/www.ambienteyenergia.gob.ec\/ambiente\/wp-json\/wp\/v2\/tags?post=24382"}],"curies":[{"name":"wp","href":"https:\/\/api.w.org\/{rel}","templated":true}]}}