{"id":24380,"date":"2015-02-14T08:51:38","date_gmt":"2015-02-14T13:51:38","guid":{"rendered":"http:\/\/www.ambiente.gob.ec\/?p=24380"},"modified":"2015-02-18T08:53:56","modified_gmt":"2015-02-18T13:53:56","slug":"mae-se-encargara-de-la-limpieza-de-playas-villamil-este-feriado-de-carnaval","status":"publish","type":"post","link":"https:\/\/www.ambienteyenergia.gob.ec\/ambiente\/mae-se-encargara-de-la-limpieza-de-playas-villamil-este-feriado-de-carnaval\/","title":{"rendered":"MAE se encargar\u00e1 de la limpieza de Playas Villamil este feriado de Carnaval"},"content":{"rendered":"<p style=\"text-align: justify;\">El Ministerio del Ambiente del Ecuador (MAE), a trav\u00e9s de la administraci\u00f3n del \u00c1rea Nacional de Recreaci\u00f3n Playas Villamil que se encuentra ubicada en la provincia del Guayas, realizar\u00e1 actividades de limpieza de balnearios en el feriado de Carnaval; con el fin de reducir el impacto ambiental que generar\u00eda el incremento de turismo en estos 4 d\u00edas.<\/p>\n<p style=\"text-align: justify;\">Los trabajos se desarrollar\u00e1n entre el s\u00e1bado 14 de Febrero hasta el 17 de Febrero de 8:00 a 17:00 y se trabajar\u00e1 en cuatro puntos estrat\u00e9gicos: Humboldt (Rompe olas), Cancha, Esterillo, las Valentinas y en el Km 1.5.<\/p>\n<p style=\"text-align: justify;\">\n<p style=\"text-align: justify;\">Al mismo tiempo se realizar\u00e1 un trabajo de concientizaci\u00f3n para que los ciudadanos hagan uso de los contenedores de basura colocados en el lugar, promoviendo la separaci\u00f3n en la fuente y la reducci\u00f3n de residuos, y as\u00ed evitar que las playas se conviertan en botaderos de basura durante las actividades tur\u00edsticas y diarias de las personas.<\/p>\n<p style=\"text-align: justify;\">\n<p style=\"text-align: justify;\">Las jornadas de limpieza contar\u00e1n con la colaboraci\u00f3n de marinos de la Armada del Ecuador, Agencia Nacional de Transito, Cruz roja y GAD Municipal de Playas, Direcci\u00f3n provincial de Salud, entre otros. Mientras que los funcionarios del MAE ser\u00e1n los responsables de coordinar la actividad a desarrollarse en donde adem\u00e1s se difundir\u00e1n los conceptos de reciclaje mediante mensajes ambientales a la poblaci\u00f3n.<\/p>\n<p style=\"text-align: justify;\">\n<p style=\"text-align: justify;\">El MAE, como m\u00e1xima Autoridad Ambiental del pa\u00eds, siempre promueve que las playas del Ecuador se encuentren limpias, ya que estas benefician la protecci\u00f3n de los ecosistemas marinos y as\u00ed se puede asegurar la calidad de vida de la poblaci\u00f3n aleda\u00f1a a las playas. \/\/MH<\/p>\n<p style=\"text-align: justify;\">\n<p style=\"text-align: justify;\">\n<p style=\"text-align: justify;\">El Dato<\/p>\n<p style=\"text-align: justify;\">\n<p style=\"text-align: justify;\">Por el D\u00eda Internacional de Limpieza de Playas celebrado en septiembre del a\u00f1o pasado, se realiz\u00f3 una jornada similar en el \u00c1rea Nacional de Recreaci\u00f3n Playas de Villamil en donde se cont\u00f3 con la participaci\u00f3n de 490 voluntarios y se logr\u00f3 limpiar una distancia de 10,5 km aproximadamente, recolect\u00e1ndose un total de 4176,13 kg de basura distribuida en 523 fundas. Entre los desechos recolectados, se encontraron objetos comunes tales como colillas de cigarrillos, tapas, envoltorios de comida, etc.; adem\u00e1s de basura menor a los 2,5 cm como son pedazos de vidrio y pedazos de pl\u00e1stico.<\/p>\n<p>&nbsp;<\/p>\n<p>&nbsp;<\/p>\n<p>&nbsp;<\/p>\n<p>&nbsp;<\/p>\n<p>&nbsp;<\/p>\n","protected":false},"excerpt":{"rendered":"<p class=\"excerpt\">El Ministerio del Ambiente del Ecuador (MAE), a trav\u00e9s de la administraci\u00f3n del \u00c1rea Nacional de Recreaci\u00f3n Playas Villamil que se encuentra ubicada en la provincia del Guayas, realizar\u00e1 actividades de limpieza de balnearios en el feriado de Carnaval; con el fin de reducir el impacto ambiental que generar\u00eda el incremento de turismo en estos 4 d\u00edas. Los trabajos se&hellip; <a href=\"https:\/\/www.ambienteyenergia.gob.ec\/ambiente\/mae-se-encargara-de-la-limpieza-de-playas-villamil-este-feriado-de-carnaval\/\">Read more &rarr;<\/a><\/p>\n","protected":false},"author":13,"featured_media":23214,"comment_status":"open","ping_status":"open","sticky":false,"template":"","format":"standard","meta":{"footnotes":""},"categories":[16,4],"tags":[387],"class_list":["post-24380","post","type-post","status-publish","format-standard","has-post-thumbnail","hentry","category-comunicamos","category-noticias","tag-mae-lorena-tapia","xfolkentry"],"_links":{"self":[{"href":"https:\/\/www.ambienteyenergia.gob.ec\/ambiente\/wp-json\/wp\/v2\/posts\/24380","targetHints":{"allow":["GET"]}}],"collection":[{"href":"https:\/\/www.ambienteyenergia.gob.ec\/ambiente\/wp-json\/wp\/v2\/posts"}],"about":[{"href":"https:\/\/www.ambienteyenergia.gob.ec\/ambiente\/wp-json\/wp\/v2\/types\/post"}],"author":[{"embeddable":true,"href":"https:\/\/www.ambienteyenergia.gob.ec\/ambiente\/wp-json\/wp\/v2\/users\/13"}],"replies":[{"embeddable":true,"href":"https:\/\/www.ambienteyenergia.gob.ec\/ambiente\/wp-json\/wp\/v2\/comments?post=24380"}],"version-history":[{"count":0,"href":"https:\/\/www.ambienteyenergia.gob.ec\/ambiente\/wp-json\/wp\/v2\/posts\/24380\/revisions"}],"wp:featuredmedia":[{"embeddable":true,"href":"https:\/\/www.ambienteyenergia.gob.ec\/ambiente\/wp-json\/wp\/v2\/media\/23214"}],"wp:attachment":[{"href":"https:\/\/www.ambienteyenergia.gob.ec\/ambiente\/wp-json\/wp\/v2\/media?parent=24380"}],"wp:term":[{"taxonomy":"category","embeddable":true,"href":"https:\/\/www.ambienteyenergia.gob.ec\/ambiente\/wp-json\/wp\/v2\/categories?post=24380"},{"taxonomy":"post_tag","embeddable":true,"href":"https:\/\/www.ambienteyenergia.gob.ec\/ambiente\/wp-json\/wp\/v2\/tags?post=24380"}],"curies":[{"name":"wp","href":"https:\/\/api.w.org\/{rel}","templated":true}]}}