{"id":24378,"date":"2015-02-14T10:31:38","date_gmt":"2015-02-14T15:31:38","guid":{"rendered":"http:\/\/www.ambiente.gob.ec\/?p=24378"},"modified":"2015-02-14T16:34:15","modified_gmt":"2015-02-14T21:34:15","slug":"dia-mundial-de-la-energia","status":"publish","type":"post","link":"https:\/\/www.ambienteyenergia.gob.ec\/ambiente\/dia-mundial-de-la-energia\/","title":{"rendered":"D\u00eda Mundial de la Energ\u00eda"},"content":{"rendered":"<p style=\"text-align: justify;\">La energ\u00eda es la fuerza vital de nuestra sociedad. De ella dependen la luz que ilumina nuestros hogares y exteriores, el calentamiento y refrigeraci\u00f3n de nuestras casas, el transporte de personas y mercanc\u00edas, la obtenci\u00f3n de alimento y su preparaci\u00f3n, etc.<\/p>\n<p style=\"text-align: justify;\">El modelo econ\u00f3mico actual exige una demanda creciente de energ\u00eda, a largo plazo esto podr\u00eda acarrear un colapso del sistema de abastecimiento de energ\u00eda debido a que la mayor parte proviene de los combustibles f\u00f3siles que son fuentes no renovables.<\/p>\n<p style=\"text-align: justify;\">La generaci\u00f3n de energ\u00eda por fuentes no renovables (petr\u00f3leo, carb\u00f3n y gas) es la principal causante de grandes impactos negativos al medio ambiente. Si bien no es la \u00fanica gran fuente de contaminaci\u00f3n, sin embargo, est\u00e1 directamente relacionada con la provocaci\u00f3n de emisiones de gases de efecto invernadero (GEI) vinculados al Cambio Clim\u00e1tico.<\/p>\n<p style=\"text-align: justify;\">El 14 de febrero, se celebra el D\u00eda Mundial de la Energ\u00eda, fecha para reflexionar sobre la importancia que tiene la Energ\u00eda para nuestra vida diaria y para incentivar el uso de fuentes renovables (e\u00f3lica, solar, biomasa, etc.).<\/p>\n<p style=\"text-align: justify;\">En ese sentido, el Ministerio del Ambiente del Ecuador (MAE), a trav\u00e9s de la Subsecretar\u00eda de Cambio Clim\u00e1tico, dentro del marco de cambio de la matriz energ\u00e9tica trabaja desde diferentes frentes como la promoci\u00f3n del uso racional de la energ\u00eda en el Ecuador, aplicada a oficinas y hogares; iniciativas de reducci\u00f3n de Gases de Efecto Invernadero (GEI); y la mitigaci\u00f3n del cambio clim\u00e1tico con la finalidad de establecer un equilibrio entre el crecimiento econ\u00f3mico y la conservaci\u00f3n del ambiente.<\/p>\n<p style=\"text-align: justify;\"><strong>Acciones del Gobierno Nacional <\/strong><\/p>\n<p style=\"text-align: justify;\">El proyecto Optimizaci\u00f3n de Generaci\u00f3n de Energ\u00eda El\u00e9ctrica (OGE &amp; EE) tiene como objetivo la disminuci\u00f3n de emisiones de GEI al ambiente mediante el desplazamiento de diesel por gas asociado en la generaci\u00f3n de energ\u00eda el\u00e9ctrica; con ello se disminuye la quema de gas asociado en las chimeneas de producci\u00f3n petrolera en todo el Distrito Amaz\u00f3nico del Ecuador.<\/p>\n<p style=\"text-align: justify;\">La energ\u00eda producida ser\u00e1 \u00fatil en todo el Distrito Amaz\u00f3nico (SEIP-E), compa\u00f1\u00edas de producci\u00f3n petrolera p\u00fablicas y privadas, incluso servir\u00e1 con energ\u00eda de calidad a las comunidades del milenio como son Pa\u00f1acocha y Playas del Cuyabeno.<\/p>\n<p style=\"text-align: justify;\">El Programa Nacional de Cocci\u00f3n Eficiente tiene previsto el reemplazo de cocinas que usan gas licuado de petr\u00f3leo, por cocinas de inducci\u00f3n hasta el 2017. La meta es reemplazar 3 millones de cocinas de gas que emiten un promedio de 2,8 millones de toneladas de CO<sub>2<\/sub> lo que reducir\u00e1 al menos 42 millones de toneladas de CO<sub>2<\/sub>.<\/p>\n<p style=\"text-align: justify;\">El Programa es de Cobertura Nacional y pretende beneficiar a alrededor de 3 millones de familias ecuatorianas.<\/p>\n<p style=\"text-align: justify;\">Adem\u00e1s, la reducci\u00f3n de emisiones por implementaci\u00f3n de proyectos hidroel\u00e9ctricos y gesti\u00f3n de cuencas hidrogr\u00e1ficas tienen gran influencia en las emisiones de GEI del Ecuador. Las hidroel\u00e9ctricas m\u00e1s importantes del pa\u00eds pueden contribuir con una reducci\u00f3n de emisiones de aproximadamente 95 millones de toneladas en 15 a\u00f1os. Estos proyectos garantizar\u00e1n la provisi\u00f3n de el\u00e9ctrica para todos los sectores de la econom\u00eda y la poblaci\u00f3n.<\/p>\n<p style=\"text-align: justify;\">Actualmente el Ecuador solo aprovecha el 15% de su potencial energ\u00e9tico y con la construcci\u00f3n de las ocho hidroel\u00e9ctricas a cargo del Gobierno, se har\u00e1 uso del 30%.<\/p>\n<p style=\"text-align: justify;\">Los proyectos hidroel\u00e9ctricos proveer\u00e1n al Ecuador energ\u00eda el\u00e9ctrica estable,\u00a0 limpia y renovable impulsando al cambio de Matriz Energ\u00e9tica.<\/p>\n<p style=\"text-align: justify;\"><strong>Datos<\/strong><\/p>\n<ul>\n<li style=\"text-align: justify;\">Hidroel\u00e9ctricas\u00a0 en proceso de construcci\u00f3n:\u00a0 Coca Coco Sinclair, Sopladora, Minas San Francisco, Toachi Pilat\u00f3n, Delsitanisagua, Manduriacu, Quijos y Mazar Dudas.<\/li>\n<li style=\"text-align: justify;\">Sopladora registra un avance del 50% y Minas-San Francisco, 25% en avance de obras.<\/li>\n<li style=\"text-align: justify;\">Con la producci\u00f3n de las nuevas hidroel\u00e9ctricas, el Estado ahorrar\u00e1 cerca de 800 millones de d\u00f3lares que gasta por concepto de subsidio al gas de consumo humano.<\/li>\n<\/ul>\n","protected":false},"excerpt":{"rendered":"<p class=\"excerpt\">La energ\u00eda es la fuerza vital de nuestra sociedad. De ella dependen la luz que ilumina nuestros hogares y exteriores, el calentamiento y refrigeraci\u00f3n de nuestras casas, el transporte de personas y mercanc\u00edas, la obtenci\u00f3n de alimento y su preparaci\u00f3n, etc. El modelo econ\u00f3mico actual exige una demanda creciente de energ\u00eda, a largo plazo esto podr\u00eda acarrear un colapso del&hellip; <a href=\"https:\/\/www.ambienteyenergia.gob.ec\/ambiente\/dia-mundial-de-la-energia\/\">Read more &rarr;<\/a><\/p>\n","protected":false},"author":13,"featured_media":23214,"comment_status":"open","ping_status":"open","sticky":false,"template":"","format":"standard","meta":{"footnotes":""},"categories":[16,4],"tags":[426,387],"class_list":["post-24378","post","type-post","status-publish","format-standard","has-post-thumbnail","hentry","category-comunicamos","category-noticias","tag-energia-limpia","tag-mae-lorena-tapia","xfolkentry"],"_links":{"self":[{"href":"https:\/\/www.ambienteyenergia.gob.ec\/ambiente\/wp-json\/wp\/v2\/posts\/24378","targetHints":{"allow":["GET"]}}],"collection":[{"href":"https:\/\/www.ambienteyenergia.gob.ec\/ambiente\/wp-json\/wp\/v2\/posts"}],"about":[{"href":"https:\/\/www.ambienteyenergia.gob.ec\/ambiente\/wp-json\/wp\/v2\/types\/post"}],"author":[{"embeddable":true,"href":"https:\/\/www.ambienteyenergia.gob.ec\/ambiente\/wp-json\/wp\/v2\/users\/13"}],"replies":[{"embeddable":true,"href":"https:\/\/www.ambienteyenergia.gob.ec\/ambiente\/wp-json\/wp\/v2\/comments?post=24378"}],"version-history":[{"count":0,"href":"https:\/\/www.ambienteyenergia.gob.ec\/ambiente\/wp-json\/wp\/v2\/posts\/24378\/revisions"}],"wp:featuredmedia":[{"embeddable":true,"href":"https:\/\/www.ambienteyenergia.gob.ec\/ambiente\/wp-json\/wp\/v2\/media\/23214"}],"wp:attachment":[{"href":"https:\/\/www.ambienteyenergia.gob.ec\/ambiente\/wp-json\/wp\/v2\/media?parent=24378"}],"wp:term":[{"taxonomy":"category","embeddable":true,"href":"https:\/\/www.ambienteyenergia.gob.ec\/ambiente\/wp-json\/wp\/v2\/categories?post=24378"},{"taxonomy":"post_tag","embeddable":true,"href":"https:\/\/www.ambienteyenergia.gob.ec\/ambiente\/wp-json\/wp\/v2\/tags?post=24378"}],"curies":[{"name":"wp","href":"https:\/\/api.w.org\/{rel}","templated":true}]}}