{"id":24371,"date":"2015-02-13T09:16:12","date_gmt":"2015-02-13T14:16:12","guid":{"rendered":"http:\/\/www.ambiente.gob.ec\/?p=24371"},"modified":"2015-02-13T09:16:12","modified_gmt":"2015-02-13T14:16:12","slug":"mae-realizara-actividades-de-control-por-feriado-de-carnaval-en-manabi","status":"publish","type":"post","link":"https:\/\/www.ambienteyenergia.gob.ec\/ambiente\/mae-realizara-actividades-de-control-por-feriado-de-carnaval-en-manabi\/","title":{"rendered":"MAE realizar\u00e1 actividades de control por feriado de carnaval en Manab\u00ed"},"content":{"rendered":"<p style=\"margin-top: 0.05cm; margin-bottom: 0.05cm; background: #ffffff; line-height: 0.52cm;\" align=\"JUSTIFY\"><span style=\"font-family: Times New Roman,serif;\"><span style=\"font-size: medium;\"><span style=\"color: #373737;\"><span style=\"font-family: Arial,serif;\">El Ministerio del Ambiente (MAE), con el apoyo de instituciones p\u00fablicas y empresas privadas, realizar<\/span><\/span><span style=\"color: #373737;\"><span style=\"font-family: Arial,serif;\">\u00e1<\/span><\/span><span style=\"color: #373737;\"><span style=\"font-family: Arial,serif;\"> una campa\u00f1a de recolecci\u00f3n de desechos en las playas de <\/span><\/span><span style=\"color: #373737;\"><span style=\"font-family: Arial,serif;\">Manab\u00ed<\/span><\/span><span style=\"color: #373737;\"><span style=\"font-family: Arial,serif;\"> durante el feriado de carnaval.<\/span><\/span><\/span><\/span><\/p>\n<p style=\"margin-top: 0.05cm; margin-bottom: 0.05cm; background: #ffffff; line-height: 0.52cm;\" align=\"JUSTIFY\">\n<span style=\"font-family: Times New Roman,serif;\"><span style=\"font-size: medium;\"><span style=\"color: #373737;\"><span style=\"font-family: Arial,serif;\">El MAE ejecutar\u00e1 esta actividad<\/span><\/span><span style=\"color: #373737;\"><span style=\"font-family: Arial,serif;\"> con la participaci\u00f3n de aproximadamente 100 funcionarios de la Direcci\u00f3n Provincial, t\u00e9cnicos y guardaparques, quienes estar\u00e1n distribuidos en las diferentes playas de los 9 cantones del perfil costero manabita, donde adem\u00e1s brindaran a los visitantes <\/span><\/span><span style=\"color: #373737;\"><span style=\"font-family: Arial,serif;\">charlas y talleres de<\/span><\/span><span style=\"color: #373737;\"><span style=\"font-family: Arial,serif;\"> educaci\u00f3n ambiental con el fin de concienciar sobre este tipo de iniciativias <\/span><\/span><span style=\"color: #373737;\"><span style=\"font-family: Arial,serif;\">con el objetivo de<\/span><\/span><span style=\"color: #373737;\"><span style=\"font-family: Arial,serif;\"> difundi<\/span><\/span><span style=\"color: #373737;\"><span style=\"font-family: Arial,serif;\">r<\/span><\/span><span style=\"color: #373737;\"><span style=\"font-family: Arial,serif;\"> un mensaje de conservaci\u00f3n de <\/span><\/span><span style=\"color: #373737;\"><span style=\"font-family: Arial,serif;\">estos<\/span><\/span><span style=\"color: #373737;\"><span style=\"font-family: Arial,serif;\"> ecosistemas.<\/span><\/span><\/span><\/span><\/p>\n<p style=\"margin-top: 0.05cm; margin-bottom: 0.05cm; background: #ffffff; line-height: 0.52cm;\" align=\"JUSTIFY\">\n<p style=\"margin-top: 0.05cm; margin-bottom: 0.05cm; background: #ffffff; line-height: 0.52cm;\" align=\"JUSTIFY\"><span style=\"font-family: Times New Roman,serif;\"><span style=\"font-size: medium;\"><span style=\"color: #373737;\"><span style=\"font-family: Arial,serif;\">Esta <\/span><\/span><span style=\"color: #373737;\"><span style=\"font-family: Arial,serif;\">campa\u00f1a <\/span><\/span><span style=\"color: #373737;\"><span style=\"font-family: Arial,serif;\">se intensificar\u00e1<\/span><\/span><span style=\"color: #373737;\"><span style=\"font-family: Arial,serif;\"> en las <\/span><\/span><span style=\"color: #373737;\"><span style=\"font-family: Arial,serif;\">tres<\/span><\/span><span style=\"color: #373737;\"><span style=\"font-family: Arial,serif;\"> \u00e1reas protegidas <\/span><\/span><span style=\"color: #373737;\"><span style=\"font-family: Arial,serif;\">de la provincial <\/span><\/span><span style=\"color: #373737;\"><span style=\"font-family: Arial,serif;\">como el <\/span><\/span><span style=\"color: #373737;\"><span style=\"font-family: Arial,serif;\">Refugio de Vida Silvestre Marino y Costero Pacoche, Refugio de Vida Silvestre Isla Coraz\u00f3n y Fragatas y en el Parque Nacional Machalilla donde <\/span><\/span><span style=\"color: #373737;\"><span style=\"font-family: Arial,serif;\">se informar\u00e1 a los turistas <\/span><\/span><span style=\"color: #373737;\"><span style=\"font-family: Arial,serif;\">sobre las normas<\/span><\/span><span style=\"color: #373737;\"><span style=\"font-family: Arial,serif;\"> que deben <\/span><\/span><span style=\"color: #373737;\"><span style=\"font-family: Arial,serif;\">cumplir los visitantes<\/span><\/span><span style=\"color: #373737;\"><span style=\"font-family: Arial,serif;\"> con el objetivo <\/span><\/span><span style=\"color: #373737;\"><span style=\"font-family: Arial,serif;\">de evitar la contaminaci\u00f3n y afectaci\u00f3n de estos espacios naturales de gran importancia biol\u00f3gica.<\/span><\/span><\/span><\/span><\/p>\n<p style=\"margin-top: 0.05cm; margin-bottom: 0.05cm; background: #ffffff; line-height: 0.52cm;\" align=\"JUSTIFY\">\n<p style=\"margin-top: 0.05cm; margin-bottom: 0.05cm; background: #ffffff; line-height: 0.52cm;\" align=\"JUSTIFY\"><span style=\"font-family: Times New Roman,serif;\"><span style=\"font-size: medium;\"><span style=\"color: #373737;\"><span style=\"font-family: Arial,serif;\">Con el control de guardaparques, adem\u00e1s de personal de la Polic\u00eda Nacional, Armada del Ecuador, GAD cantonales y parroquiales, log\u00edstica de embarcaciones motorizadas y veh\u00edculos se garantizar\u00e1 que los visitantes tengan una grata experiencia.<\/span><\/span><\/span><\/span><\/p>\n<p style=\"margin-top: 0.05cm; margin-bottom: 0.05cm; background: #ffffff; line-height: 0.52cm;\" align=\"JUSTIFY\">\n<p style=\"margin-top: 0.05cm; margin-bottom: 0.05cm; background: #ffffff; line-height: 0.52cm;\" align=\"JUSTIFY\"><span style=\"font-family: Times New Roman,serif;\"><span style=\"font-size: medium;\"><span style=\"color: #373737;\"><span style=\"font-family: Arial,serif;\"><span style=\"background: #ffffff;\">Adem\u00e1s esta Cartera de Estado ha desarrollado un programa para el control y reducci\u00f3n de amenazas para los huevos y los neonatos <\/span><\/span><\/span><span style=\"color: #373737;\"><span style=\"font-family: Arial,serif;\"><span style=\"background: #ffffff;\">de tortuga<\/span><\/span><\/span><span style=\"color: #373737;\"><span style=\"font-family: Arial,serif;\"><span style=\"background: #ffffff;\"> por medio de la <\/span><\/span><\/span><span style=\"color: #373737;\"><span style=\"font-family: Arial,serif;\"><span style=\"background: #ffffff;\">colocaci\u00f3n de cercos cil\u00edndricos de malla met\u00e1licas en las playas de San Lorenzo, Puerto L\u00f3pez y Crucita para evitar la destrucci\u00f3n de nidos <\/span><\/span><\/span><span style=\"color: #373737;\"><span style=\"font-family: Arial,serif;\"><span style=\"background: #ffffff;\">de<\/span><\/span><\/span><span style=\"color: #373737;\"><span style=\"font-family: Arial,serif;\"><span style=\"background: #ffffff;\"> tortugas verdes <\/span><\/span><\/span><span style=\"font-family: Arial,serif;\">(Chelonia mydas) y Golfinas (Lepidochelys oliv\u00e1cea) <\/span><span style=\"color: #373737;\"><span style=\"font-family: Arial,serif;\"><span style=\"background: #ffffff;\">que se encuentren en el lugar.\/<\/span><\/span><\/span><span style=\"color: #373737;\"><span style=\"font-family: Arial,serif;\"><span style=\"background: #ffffff;\">jb-ds<\/span><\/span><\/span><\/span><\/span><\/p>\n","protected":false},"excerpt":{"rendered":"<p class=\"excerpt\">El Ministerio del Ambiente (MAE), con el apoyo de instituciones p\u00fablicas y empresas privadas, realizar\u00e1 una campa\u00f1a de recolecci\u00f3n de desechos en las playas de Manab\u00ed durante el feriado de carnaval. El MAE ejecutar\u00e1 esta actividad con la participaci\u00f3n de aproximadamente 100 funcionarios de la Direcci\u00f3n Provincial, t\u00e9cnicos y guardaparques, quienes estar\u00e1n distribuidos en las diferentes playas de los 9&hellip; <a href=\"https:\/\/www.ambienteyenergia.gob.ec\/ambiente\/mae-realizara-actividades-de-control-por-feriado-de-carnaval-en-manabi\/\">Read more &rarr;<\/a><\/p>\n","protected":false},"author":13,"featured_media":24372,"comment_status":"open","ping_status":"open","sticky":false,"template":"","format":"standard","meta":{"footnotes":""},"categories":[16,4],"tags":[675,676,108,53,90],"class_list":["post-24371","post","type-post","status-publish","format-standard","has-post-thumbnail","hentry","category-comunicamos","category-noticias","tag-feriado-de-carnaval","tag-limpieza-de-playas","tag-lorena-tapia","tag-mae","tag-pngids","xfolkentry"],"_links":{"self":[{"href":"https:\/\/www.ambienteyenergia.gob.ec\/ambiente\/wp-json\/wp\/v2\/posts\/24371","targetHints":{"allow":["GET"]}}],"collection":[{"href":"https:\/\/www.ambienteyenergia.gob.ec\/ambiente\/wp-json\/wp\/v2\/posts"}],"about":[{"href":"https:\/\/www.ambienteyenergia.gob.ec\/ambiente\/wp-json\/wp\/v2\/types\/post"}],"author":[{"embeddable":true,"href":"https:\/\/www.ambienteyenergia.gob.ec\/ambiente\/wp-json\/wp\/v2\/users\/13"}],"replies":[{"embeddable":true,"href":"https:\/\/www.ambienteyenergia.gob.ec\/ambiente\/wp-json\/wp\/v2\/comments?post=24371"}],"version-history":[{"count":0,"href":"https:\/\/www.ambienteyenergia.gob.ec\/ambiente\/wp-json\/wp\/v2\/posts\/24371\/revisions"}],"wp:featuredmedia":[{"embeddable":true,"href":"https:\/\/www.ambienteyenergia.gob.ec\/ambiente\/wp-json\/wp\/v2\/media\/24372"}],"wp:attachment":[{"href":"https:\/\/www.ambienteyenergia.gob.ec\/ambiente\/wp-json\/wp\/v2\/media?parent=24371"}],"wp:term":[{"taxonomy":"category","embeddable":true,"href":"https:\/\/www.ambienteyenergia.gob.ec\/ambiente\/wp-json\/wp\/v2\/categories?post=24371"},{"taxonomy":"post_tag","embeddable":true,"href":"https:\/\/www.ambienteyenergia.gob.ec\/ambiente\/wp-json\/wp\/v2\/tags?post=24371"}],"curies":[{"name":"wp","href":"https:\/\/api.w.org\/{rel}","templated":true}]}}