{"id":24368,"date":"2015-02-13T08:41:42","date_gmt":"2015-02-13T13:41:42","guid":{"rendered":"http:\/\/www.ambiente.gob.ec\/?p=24368"},"modified":"2015-02-13T08:41:42","modified_gmt":"2015-02-13T13:41:42","slug":"mae-realizo-taller-sobre-la-vision-del-ecuador-sobre-las-nama","status":"publish","type":"post","link":"https:\/\/www.ambienteyenergia.gob.ec\/ambiente\/mae-realizo-taller-sobre-la-vision-del-ecuador-sobre-las-nama\/","title":{"rendered":"MAE realiz\u00f3 taller sobre la visi\u00f3n del Ecuador sobre las NAMA"},"content":{"rendered":"<p align=\"JUSTIFY\"><span style=\"font-family: Arial,sans-serif;\"><span style=\"font-size: medium;\">El Ministerio del Ambiente a trav\u00e9s del proyecto Tercera Comunicaci\u00f3n Nacional sobre Cambio Clim\u00e1tico y Primer Informe de Actualizaci\u00f3n Bienal (TCN\/BUR), con el apoyo de PNUD como agencia implementadora del GEF, realiz\u00f3 el taller \u201cVisi\u00f3n del Ecuador sobre las NAMA e identificaci\u00f3n preliminar de oportunidades de proyectos\u00bb.<\/span><\/span><\/p>\n<p align=\"JUSTIFY\"><span style=\"font-family: Arial,sans-serif;\"><span style=\"font-size: medium;\">El objetivo de esta actividad fue conocer la visi\u00f3n pol\u00edtica de actores relevantes sobre la inserci\u00f3n en sus agendas sectoriales de un enfoque sobre mitigaci\u00f3n del cambio clim\u00e1tico y consolidar los aportes de los delegados t\u00e9cnicos para la creaci\u00f3n de un portafolio con posibles proyectos NAMA (Acciones Nacionales Apropiadas de Mitigaci\u00f3n, por sus siglas en ingl\u00e9s).<\/span><\/span><\/p>\n<p align=\"JUSTIFY\"><span style=\"font-family: Arial,sans-serif;\"><span style=\"font-size: medium;\">Andr\u00e9s Hubenthal, Subsecretario de Cambio Clim\u00e1tico del Ministerio del Ambiente insisti\u00f3 durante el taller en la importancia que tiene el involucramiento de las distintas Carteras de Estado para la ejecuci\u00f3n de compromisos y el aprovechamiento de las ventanas de oportunidad que se generan a trav\u00e9s de la gesti\u00f3n del cambio clim\u00e1tico, adem\u00e1s de la necesidad inmediata de insertar criterios de mitigaci\u00f3n y adaptaci\u00f3n del cambio clim\u00e1tico como una condici\u00f3n necesaria para la consecuci\u00f3n del desarrollo sostenible.\/ss-ds<\/span><\/span><\/p>\n<p style=\"margin-bottom: 0cm;\"><strong><span style=\"font-family: Arial,sans-serif;\"><span style=\"font-size: medium;\">Datos:<\/span><\/span><\/strong><\/p>\n<ul>\n<li>\n<p align=\"JUSTIFY\"><span style=\"font-family: Arial,sans-serif;\"><span style=\"font-size: medium;\">Uno de los mecanismos priorizados por el Gobierno ha sido el dise\u00f1o e implementaci\u00f3n de NAMA <\/span><\/span><span style=\"font-family: Arial,sans-serif;\"><span style=\"font-size: medium;\">como <\/span><\/span><span style=\"font-family: Arial,sans-serif;\"><span style=\"font-size: medium;\">acciones sectoriales que tienen como objetivo la reducci\u00f3n de emisiones de gases efecto invernadero. Es por ello que en septiembre de 2014 el MAE expide el Acuerdo Ministerial <\/span><\/span><span style=\"font-family: Arial,sans-serif;\"><span style=\"font-size: medium;\">N\u00b0 <\/span><\/span><span style=\"font-family: Arial,sans-serif;\"><span style=\"font-size: medium;\">089 en el cual se establece la Autoridad Nacional para la aplicaci\u00f3n de Acciones Nacionales Apropiadas de Mitigaci\u00f3n, la cual podr\u00e1 convocar a las Secretar\u00edas de Estado para generar de manera conjunta pol\u00edticas y medidas, regulaciones, est\u00e1ndares, programas y proyectos para la aplicaci\u00f3n de NAMA.<\/span><\/span><\/p>\n<\/li>\n<\/ul>\n<ul>\n<li>\n<p align=\"JUSTIFY\"><span style=\"font-family: Arial,sans-serif;\"><span style=\"font-size: medium;\">El Ministerio del Ambiente ha apoyado e impulsado el dise\u00f1o de 3 NAMA en el sector energ\u00eda, 1 en el sector residuos y 1 en el sector transporte. <\/span><\/span><\/p>\n<\/li>\n<\/ul>\n","protected":false},"excerpt":{"rendered":"<p class=\"excerpt\">El Ministerio del Ambiente a trav\u00e9s del proyecto Tercera Comunicaci\u00f3n Nacional sobre Cambio Clim\u00e1tico y Primer Informe de Actualizaci\u00f3n Bienal (TCN\/BUR), con el apoyo de PNUD como agencia implementadora del GEF, realiz\u00f3 el taller \u201cVisi\u00f3n del Ecuador sobre las NAMA e identificaci\u00f3n preliminar de oportunidades de proyectos\u00bb. El objetivo de esta actividad fue conocer la visi\u00f3n pol\u00edtica de actores relevantes&hellip; <a href=\"https:\/\/www.ambienteyenergia.gob.ec\/ambiente\/mae-realizo-taller-sobre-la-vision-del-ecuador-sobre-las-nama\/\">Read more &rarr;<\/a><\/p>\n","protected":false},"author":13,"featured_media":24369,"comment_status":"open","ping_status":"open","sticky":false,"template":"","format":"standard","meta":{"footnotes":""},"categories":[16,4],"tags":[133,108,53,637,516,674],"class_list":["post-24368","post","type-post","status-publish","format-standard","has-post-thumbnail","hentry","category-comunicamos","category-noticias","tag-cambio-climatico","tag-lorena-tapia","tag-mae","tag-mitigacion","tag-nama","tag-taller","xfolkentry"],"_links":{"self":[{"href":"https:\/\/www.ambienteyenergia.gob.ec\/ambiente\/wp-json\/wp\/v2\/posts\/24368","targetHints":{"allow":["GET"]}}],"collection":[{"href":"https:\/\/www.ambienteyenergia.gob.ec\/ambiente\/wp-json\/wp\/v2\/posts"}],"about":[{"href":"https:\/\/www.ambienteyenergia.gob.ec\/ambiente\/wp-json\/wp\/v2\/types\/post"}],"author":[{"embeddable":true,"href":"https:\/\/www.ambienteyenergia.gob.ec\/ambiente\/wp-json\/wp\/v2\/users\/13"}],"replies":[{"embeddable":true,"href":"https:\/\/www.ambienteyenergia.gob.ec\/ambiente\/wp-json\/wp\/v2\/comments?post=24368"}],"version-history":[{"count":0,"href":"https:\/\/www.ambienteyenergia.gob.ec\/ambiente\/wp-json\/wp\/v2\/posts\/24368\/revisions"}],"wp:featuredmedia":[{"embeddable":true,"href":"https:\/\/www.ambienteyenergia.gob.ec\/ambiente\/wp-json\/wp\/v2\/media\/24369"}],"wp:attachment":[{"href":"https:\/\/www.ambienteyenergia.gob.ec\/ambiente\/wp-json\/wp\/v2\/media?parent=24368"}],"wp:term":[{"taxonomy":"category","embeddable":true,"href":"https:\/\/www.ambienteyenergia.gob.ec\/ambiente\/wp-json\/wp\/v2\/categories?post=24368"},{"taxonomy":"post_tag","embeddable":true,"href":"https:\/\/www.ambienteyenergia.gob.ec\/ambiente\/wp-json\/wp\/v2\/tags?post=24368"}],"curies":[{"name":"wp","href":"https:\/\/api.w.org\/{rel}","templated":true}]}}