{"id":24365,"date":"2015-02-12T21:15:30","date_gmt":"2015-02-13T02:15:30","guid":{"rendered":"http:\/\/www.ambiente.gob.ec\/?p=24365"},"modified":"2015-02-12T21:15:30","modified_gmt":"2015-02-13T02:15:30","slug":"mae-dicto-talleres-sobre-areas-protegidas","status":"publish","type":"post","link":"https:\/\/www.ambienteyenergia.gob.ec\/ambiente\/mae-dicto-talleres-sobre-areas-protegidas\/","title":{"rendered":"MAE dict\u00f3 talleres sobre \u00c1reas Protegidas"},"content":{"rendered":"<p style=\"text-align: justify;\">Hoy, el Ministerio del Ambiente (MAE) dict\u00f3 un taller sobre la Metodolog\u00eda de Gesti\u00f3n del Destino de las \u00c1reas Protegidas, con \u00e9nfasis en el manejo de visitantes y ordenamiento de actividades tur\u00edsticas en dichas \u00e1reas.<\/p>\n<p style=\"text-align: justify;\">El taller cont\u00f3 con la presencia de aproximadamente 50 participantes entre t\u00e9cnicos del MAE, Ministerio de Turismo, Conservaci\u00f3n Internacional, Asociaci\u00f3n Nacional de Operadores de Turismo Receptivo del Ecuador (OPTUR), Asociaci\u00f3n de Gu\u00edas y representantes de varias universidades como Universidad de las Am\u00e9ricas, Tecnol\u00f3gica del Ecuador, San Francisco de Quito y SEK, quienes participaron activamente, con observaciones y aportes a dicho instrumento t\u00e9cnico.<\/p>\n<p style=\"text-align: justify;\">\u201cEl objetivo principal del taller es dar a conocer a los asistentes una metodolog\u00eda estandarizada en funci\u00f3n del ordenamiento y manejo de visitantes en las \u00c1reas Protegidas\u201d coment\u00f3 Sebasti\u00e1n Sierra, t\u00e9cnico especialista en turismo de la Direcci\u00f3n Nacional de Biodiversidad del MAE.<\/p>\n<p style=\"text-align: justify;\">De igual forma, se dio a conocer el ciclo de desarrollo del Plan de Manejo de Visitantes (PMV), que cuenta con cuatro fases: Planificaci\u00f3n, Ejecuci\u00f3n, Verificaci\u00f3n e Implementaci\u00f3n.<\/p>\n<ul style=\"text-align: justify;\">\n<li>Planificaci\u00f3n a base de la situaci\u00f3n actual de las \u00c1reas Protegidas.<\/li>\n<li>Ejecuci\u00f3n de acciones de manejo de sitios y atractivos donde se subzonifican las \u00e1reas para determinar las actividades propicias de acuerdo a los atractivos y sus escenarios.<\/li>\n<li>Verificaci\u00f3n, esta fase corresponde a la obtenci\u00f3n de indicadores (biof\u00edsicos, sociales y de gesti\u00f3n) y control de las actividades tur\u00edsticas.<\/li>\n<li>Implementaci\u00f3n de medidas correctivas y acciones para disminuir el impacto de turismo sobre los sitios de visita.<\/li>\n<\/ul>\n<p style=\"text-align: justify;\">Actualmente, de las 50 \u00c1reas Protegidas que tiene el Ecuador, 10 ya cuentan con el desarrollo de la primera fase del (PMV) entre ellas est\u00e1n: la Reserva de Producci\u00f3n Faun\u00edstica Cuyabeno, Parque Nacional Cotopaxi, Reserva de Producci\u00f3n Faun\u00edstica Chimborazo, Parque Nacional Machalilla, Reserva Geobot\u00e1nica Pululahua, entre otras.<\/p>\n<p style=\"text-align: justify;\">Ver\u00f3nica Mu\u00f1oz, Gerente de Turismo Sostenible de Rainforest Alliance explic\u00f3 la importancia que tiene la metodolog\u00eda en aspectos como: monitoreo de la \u00c1reas Protegidas, as\u00ed como la implementaci\u00f3n de medidas correctivas, revisi\u00f3n de amenazas, entre otros aspectos.<\/p>\n<p style=\"text-align: justify;\">Esta Cartera de Estado, se compromete a brindar informaci\u00f3n necesaria al dictar este tipo de talleres para incluir a todos los sectores implicados en el la conservaci\u00f3n de nuestras \u00c1reas Protegidas. SJ<\/p>\n","protected":false},"excerpt":{"rendered":"<p class=\"excerpt\">Hoy, el Ministerio del Ambiente (MAE) dict\u00f3 un taller sobre la Metodolog\u00eda de Gesti\u00f3n del Destino de las \u00c1reas Protegidas, con \u00e9nfasis en el manejo de visitantes y ordenamiento de actividades tur\u00edsticas en dichas \u00e1reas. El taller cont\u00f3 con la presencia de aproximadamente 50 participantes entre t\u00e9cnicos del MAE, Ministerio de Turismo, Conservaci\u00f3n Internacional, Asociaci\u00f3n Nacional de Operadores de Turismo&hellip; <a href=\"https:\/\/www.ambienteyenergia.gob.ec\/ambiente\/mae-dicto-talleres-sobre-areas-protegidas\/\">Read more &rarr;<\/a><\/p>\n","protected":false},"author":13,"featured_media":24366,"comment_status":"open","ping_status":"open","sticky":false,"template":"","format":"standard","meta":{"footnotes":""},"categories":[16,4],"tags":[387],"class_list":["post-24365","post","type-post","status-publish","format-standard","has-post-thumbnail","hentry","category-comunicamos","category-noticias","tag-mae-lorena-tapia","xfolkentry"],"_links":{"self":[{"href":"https:\/\/www.ambienteyenergia.gob.ec\/ambiente\/wp-json\/wp\/v2\/posts\/24365","targetHints":{"allow":["GET"]}}],"collection":[{"href":"https:\/\/www.ambienteyenergia.gob.ec\/ambiente\/wp-json\/wp\/v2\/posts"}],"about":[{"href":"https:\/\/www.ambienteyenergia.gob.ec\/ambiente\/wp-json\/wp\/v2\/types\/post"}],"author":[{"embeddable":true,"href":"https:\/\/www.ambienteyenergia.gob.ec\/ambiente\/wp-json\/wp\/v2\/users\/13"}],"replies":[{"embeddable":true,"href":"https:\/\/www.ambienteyenergia.gob.ec\/ambiente\/wp-json\/wp\/v2\/comments?post=24365"}],"version-history":[{"count":0,"href":"https:\/\/www.ambienteyenergia.gob.ec\/ambiente\/wp-json\/wp\/v2\/posts\/24365\/revisions"}],"wp:featuredmedia":[{"embeddable":true,"href":"https:\/\/www.ambienteyenergia.gob.ec\/ambiente\/wp-json\/wp\/v2\/media\/24366"}],"wp:attachment":[{"href":"https:\/\/www.ambienteyenergia.gob.ec\/ambiente\/wp-json\/wp\/v2\/media?parent=24365"}],"wp:term":[{"taxonomy":"category","embeddable":true,"href":"https:\/\/www.ambienteyenergia.gob.ec\/ambiente\/wp-json\/wp\/v2\/categories?post=24365"},{"taxonomy":"post_tag","embeddable":true,"href":"https:\/\/www.ambienteyenergia.gob.ec\/ambiente\/wp-json\/wp\/v2\/tags?post=24365"}],"curies":[{"name":"wp","href":"https:\/\/api.w.org\/{rel}","templated":true}]}}