{"id":24362,"date":"2015-02-12T14:50:17","date_gmt":"2015-02-12T19:50:17","guid":{"rendered":"http:\/\/www.ambiente.gob.ec\/?p=24362"},"modified":"2015-02-12T14:50:17","modified_gmt":"2015-02-12T19:50:17","slug":"mae-inicia-la-elaboracion-de-planes-de-manejo-de-las-medidas-de-adaptacion-implementadas-en-territorio","status":"publish","type":"post","link":"https:\/\/www.ambienteyenergia.gob.ec\/ambiente\/mae-inicia-la-elaboracion-de-planes-de-manejo-de-las-medidas-de-adaptacion-implementadas-en-territorio\/","title":{"rendered":"MAE inicia la elaboraci\u00f3n de planes de manejo de las medidas de adaptaci\u00f3n implementadas en territorio"},"content":{"rendered":"<p style=\"text-align: justify;\">El Proyecto de Adaptaci\u00f3n al Cambio Clim\u00e1tico (PACC), a trav\u00e9s de una efectiva gobernabilidad del agua con el apoyo del Programa de las Naciones Unidas para el Desarrollo PNUD-GEF, iniciaron el proceso de elaboraci\u00f3n de planes de manejo y sostenibilidad de las medidas implementadas en territorio para asegurar la sustentabilidad de las mismas y brindar las herramientas necesarias a las y los beneficiarios para su m\u00e1ximo aprovechamiento.<\/p>\n<p style=\"text-align: justify;\">Este proceso es liderado por la Subsecretar\u00eda de Cambio Clim\u00e1tico a trav\u00e9s del PACC, con la colaboraci\u00f3n del Centro de Desarrollo e Investigaci\u00f3n Rural (CEDIR). Actualmente se encuentra en fase de inspecci\u00f3n de las obras, con la finalidad de recorrer cada medida y realizar entrevistas a los socios ejecutores para la recopilaci\u00f3n de informaci\u00f3n y reconocimiento en territorio.<\/p>\n<p style=\"text-align: justify;\">El siguiente paso ser\u00e1 la elaboraci\u00f3n de las gu\u00edas de manejo aplicadas a cada una de las medidas implementadas entre las cuales se encuentran sistemas de riego, reservorios y albarradas, reforestaci\u00f3n y fincas agroecol\u00f3gicas.\/ss-ds<\/p>\n","protected":false},"excerpt":{"rendered":"<p class=\"excerpt\">El Proyecto de Adaptaci\u00f3n al Cambio Clim\u00e1tico (PACC), a trav\u00e9s de una efectiva gobernabilidad del agua con el apoyo del Programa de las Naciones Unidas para el Desarrollo PNUD-GEF, iniciaron el proceso de elaboraci\u00f3n de planes de manejo y sostenibilidad de las medidas implementadas en territorio para asegurar la sustentabilidad de las mismas y brindar las herramientas necesarias a las&hellip; <a href=\"https:\/\/www.ambienteyenergia.gob.ec\/ambiente\/mae-inicia-la-elaboracion-de-planes-de-manejo-de-las-medidas-de-adaptacion-implementadas-en-territorio\/\">Read more &rarr;<\/a><\/p>\n","protected":false},"author":13,"featured_media":24363,"comment_status":"open","ping_status":"open","sticky":false,"template":"","format":"standard","meta":{"footnotes":""},"categories":[16,4],"tags":[133,387],"class_list":["post-24362","post","type-post","status-publish","format-standard","has-post-thumbnail","hentry","category-comunicamos","category-noticias","tag-cambio-climatico","tag-mae-lorena-tapia","xfolkentry"],"_links":{"self":[{"href":"https:\/\/www.ambienteyenergia.gob.ec\/ambiente\/wp-json\/wp\/v2\/posts\/24362","targetHints":{"allow":["GET"]}}],"collection":[{"href":"https:\/\/www.ambienteyenergia.gob.ec\/ambiente\/wp-json\/wp\/v2\/posts"}],"about":[{"href":"https:\/\/www.ambienteyenergia.gob.ec\/ambiente\/wp-json\/wp\/v2\/types\/post"}],"author":[{"embeddable":true,"href":"https:\/\/www.ambienteyenergia.gob.ec\/ambiente\/wp-json\/wp\/v2\/users\/13"}],"replies":[{"embeddable":true,"href":"https:\/\/www.ambienteyenergia.gob.ec\/ambiente\/wp-json\/wp\/v2\/comments?post=24362"}],"version-history":[{"count":0,"href":"https:\/\/www.ambienteyenergia.gob.ec\/ambiente\/wp-json\/wp\/v2\/posts\/24362\/revisions"}],"wp:featuredmedia":[{"embeddable":true,"href":"https:\/\/www.ambienteyenergia.gob.ec\/ambiente\/wp-json\/wp\/v2\/media\/24363"}],"wp:attachment":[{"href":"https:\/\/www.ambienteyenergia.gob.ec\/ambiente\/wp-json\/wp\/v2\/media?parent=24362"}],"wp:term":[{"taxonomy":"category","embeddable":true,"href":"https:\/\/www.ambienteyenergia.gob.ec\/ambiente\/wp-json\/wp\/v2\/categories?post=24362"},{"taxonomy":"post_tag","embeddable":true,"href":"https:\/\/www.ambienteyenergia.gob.ec\/ambiente\/wp-json\/wp\/v2\/tags?post=24362"}],"curies":[{"name":"wp","href":"https:\/\/api.w.org\/{rel}","templated":true}]}}