{"id":24359,"date":"2015-02-07T11:12:09","date_gmt":"2015-02-07T16:12:09","guid":{"rendered":"http:\/\/www.ambiente.gob.ec\/?p=24359"},"modified":"2015-02-12T11:15:57","modified_gmt":"2015-02-12T16:15:57","slug":"mae-socializo-lineamientos-generales-para-planes-de-cambio-climatico-en-pastaza","status":"publish","type":"post","link":"https:\/\/www.ambienteyenergia.gob.ec\/ambiente\/mae-socializo-lineamientos-generales-para-planes-de-cambio-climatico-en-pastaza\/","title":{"rendered":"MAE socializ\u00f3 Lineamientos Generales para planes de cambio clim\u00e1tico en Pastaza"},"content":{"rendered":"<p style=\"text-align: justify;\">El Ministerio del Ambiente, a trav\u00e9s de la Direcci\u00f3n Nacional de Adaptaci\u00f3n al Cambio Clim\u00e1tico (DNACC) y en colaboraci\u00f3n con el Fondo Mundial para la Naturaleza (WWF), realiz\u00f3 la socializaci\u00f3n de los Lineamientos Generales para Planes y Programas de Cambio Clim\u00e1tico con los funcionarios del Gobierno Aut\u00f3nomo Descentralizado (GAD) de cantonal de Pastaza.<\/p>\n<p style=\"text-align: justify;\">Con el af\u00e1n de generar herramientas para la toma de decisiones, la Subsecretar\u00eda de Cambio Clim\u00e1tico, a trav\u00e9s del Proyecto GACC, elabor\u00f3 los Lineamientos Generales para que los GAD preparen planes e incluyan el componente de Cambio Clim\u00e1tico en sus Planes de Desarrollo y Ordenamiento Territorial.<\/p>\n<p style=\"text-align: justify;\">Esta herramienta complementaria a los \u201c<em>Lineamientos Generales para la Planificaci\u00f3n Territorial Descentralizada\u201d<\/em> servir\u00e1 a los Gobiernos Aut\u00f3nomos, a nivel nacional, para localizar las zonas m\u00e1s vulnerables de su territorio frente a los cambios del clima y a elaborar planes y medidas de adaptaci\u00f3n y mitigaci\u00f3n bajo el esquema planteado por la Secretar\u00eda Nacional de Planificaci\u00f3n y Desarrollo (SENPLADES).<\/p>\n<p style=\"text-align: justify;\">Luego de la socializaci\u00f3n con los funcionarios del Gobierno Aut\u00f3nomo Descentralizado de Pastaza, se lleg\u00f3 a un acuerdo para iniciar con la inclusi\u00f3n de la tem\u00e1tica de cambio clim\u00e1tico en su PDOT y el desarrollo de un Plan de Cambio Clim\u00e1tico del cant\u00f3n, con el apoyo t\u00e9cnico por parte del Ministerio de Ambiente y WWF.\/ss-ds<\/p>\n","protected":false},"excerpt":{"rendered":"<p class=\"excerpt\">El Ministerio del Ambiente, a trav\u00e9s de la Direcci\u00f3n Nacional de Adaptaci\u00f3n al Cambio Clim\u00e1tico (DNACC) y en colaboraci\u00f3n con el Fondo Mundial para la Naturaleza (WWF), realiz\u00f3 la socializaci\u00f3n de los Lineamientos Generales para Planes y Programas de Cambio Clim\u00e1tico con los funcionarios del Gobierno Aut\u00f3nomo Descentralizado (GAD) de cantonal de Pastaza. Con el af\u00e1n de generar herramientas para&hellip; <a href=\"https:\/\/www.ambienteyenergia.gob.ec\/ambiente\/mae-socializo-lineamientos-generales-para-planes-de-cambio-climatico-en-pastaza\/\">Read more &rarr;<\/a><\/p>\n","protected":false},"author":13,"featured_media":24360,"comment_status":"open","ping_status":"open","sticky":false,"template":"","format":"standard","meta":{"footnotes":""},"categories":[16,4],"tags":[387],"class_list":["post-24359","post","type-post","status-publish","format-standard","has-post-thumbnail","hentry","category-comunicamos","category-noticias","tag-mae-lorena-tapia","xfolkentry"],"_links":{"self":[{"href":"https:\/\/www.ambienteyenergia.gob.ec\/ambiente\/wp-json\/wp\/v2\/posts\/24359","targetHints":{"allow":["GET"]}}],"collection":[{"href":"https:\/\/www.ambienteyenergia.gob.ec\/ambiente\/wp-json\/wp\/v2\/posts"}],"about":[{"href":"https:\/\/www.ambienteyenergia.gob.ec\/ambiente\/wp-json\/wp\/v2\/types\/post"}],"author":[{"embeddable":true,"href":"https:\/\/www.ambienteyenergia.gob.ec\/ambiente\/wp-json\/wp\/v2\/users\/13"}],"replies":[{"embeddable":true,"href":"https:\/\/www.ambienteyenergia.gob.ec\/ambiente\/wp-json\/wp\/v2\/comments?post=24359"}],"version-history":[{"count":0,"href":"https:\/\/www.ambienteyenergia.gob.ec\/ambiente\/wp-json\/wp\/v2\/posts\/24359\/revisions"}],"wp:featuredmedia":[{"embeddable":true,"href":"https:\/\/www.ambienteyenergia.gob.ec\/ambiente\/wp-json\/wp\/v2\/media\/24360"}],"wp:attachment":[{"href":"https:\/\/www.ambienteyenergia.gob.ec\/ambiente\/wp-json\/wp\/v2\/media?parent=24359"}],"wp:term":[{"taxonomy":"category","embeddable":true,"href":"https:\/\/www.ambienteyenergia.gob.ec\/ambiente\/wp-json\/wp\/v2\/categories?post=24359"},{"taxonomy":"post_tag","embeddable":true,"href":"https:\/\/www.ambienteyenergia.gob.ec\/ambiente\/wp-json\/wp\/v2\/tags?post=24359"}],"curies":[{"name":"wp","href":"https:\/\/api.w.org\/{rel}","templated":true}]}}