{"id":24357,"date":"2015-02-12T11:06:40","date_gmt":"2015-02-12T16:06:40","guid":{"rendered":"http:\/\/www.ambiente.gob.ec\/?p=24357"},"modified":"2015-03-02T10:43:31","modified_gmt":"2015-03-02T15:43:31","slug":"la-convencion-de-naciones-unidas-de-lucha-contra-la-desertificacion-felicita-la-participacion-del-mae-en-la-iniciativa-20-x-20","status":"publish","type":"post","link":"https:\/\/www.ambienteyenergia.gob.ec\/ambiente\/la-convencion-de-naciones-unidas-de-lucha-contra-la-desertificacion-felicita-la-participacion-del-mae-en-la-iniciativa-20-x-20\/","title":{"rendered":"La Convenci\u00f3n de Naciones Unidas de Lucha contra la Desertificaci\u00f3n felicita la participaci\u00f3n del MAE en la iniciativa 20 x 20"},"content":{"rendered":"<p style=\"text-align: justify;\"><span style=\"color: #000000; font-family: Helvetica, Arial, sans-serif; font-size: 16px; font-style: normal; font-variant: normal; font-weight: normal; letter-spacing: normal; line-height: normal; orphans: auto; text-align: start; text-indent: 0px; text-transform: none; white-space: normal; widows: auto; word-spacing: 0px; -webkit-text-stroke-width: 0px; display: inline !important; float: none; background-color: #ffffff;\">La Convenci\u00f3n de Naciones Unidas de Lucha contra la Desertificaci\u00f3n felicita a varios pa\u00edses que participan en iniciativas hist\u00f3ricas de restauraci\u00f3n, entre ellos a Ecuador, que promueve programas regionales, comprometidos a la restauraci\u00f3n de terrenos bajo una estrategia sostenida.<\/span><span style=\"color: #000000; font-family: Helvetica, Arial, sans-serif; font-size: 16px; font-style: normal; font-variant: normal; font-weight: normal; letter-spacing: normal; line-height: normal; orphans: auto; text-align: start; text-indent: 0px; text-transform: none; white-space: normal; widows: auto; word-spacing: 0px; -webkit-text-stroke-width: 0px; display: inline !important; float: none; background-color: #ffffff;\"><span class=\"Apple-converted-space\">\u00a0<\/span><\/span><br style=\"color: #000000; font-family: Helvetica, Arial, sans-serif; font-size: 16px; font-style: normal; font-variant: normal; font-weight: normal; letter-spacing: normal; line-height: normal; orphans: auto; text-align: start; text-indent: 0px; text-transform: none; white-space: normal; widows: auto; word-spacing: 0px; -webkit-text-stroke-width: 0px; background-color: #ffffff;\" \/><span style=\"color: #000000; font-family: Helvetica, Arial, sans-serif; font-size: 16px; font-style: normal; font-variant: normal; font-weight: normal; letter-spacing: normal; line-height: normal; orphans: auto; text-align: start; text-indent: 0px; text-transform: none; white-space: normal; widows: auto; word-spacing: 0px; -webkit-text-stroke-width: 0px; display: inline !important; float: none; background-color: #ffffff;\">\u00a0<\/span><br style=\"color: #000000; font-family: Helvetica, Arial, sans-serif; font-size: 16px; font-style: normal; font-variant: normal; font-weight: normal; letter-spacing: normal; line-height: normal; orphans: auto; text-align: start; text-indent: 0px; text-transform: none; white-space: normal; widows: auto; word-spacing: 0px; -webkit-text-stroke-width: 0px; background-color: #ffffff;\" \/><span style=\"color: #000000; font-family: Helvetica, Arial, sans-serif; font-size: 16px; font-style: normal; font-variant: normal; font-weight: normal; letter-spacing: normal; line-height: normal; orphans: auto; text-align: start; text-indent: 0px; text-transform: none; white-space: normal; widows: auto; word-spacing: 0px; -webkit-text-stroke-width: 0px; display: inline !important; float: none; background-color: #ffffff;\">Monique Barbut, Secretaria Ejecutiva, a trav\u00e9s de una carta oficial, \u00a0agradeci\u00f3 y ensalz\u00f3 a Lorena Tapia, Ministra del Ambiente, por el apoyo \u00a0otorgado en este tipo de conferencias y por las iniciativas que tiene el Ecuador a favor del cuidado ambiental. De igual forma da la bienvenida a la posibilidad de discutir cualquier proyecto que apoye la iniciativa de 20 x 20 y contribuir al logro de la degradaci\u00f3n del suelo neutralidad en la regi\u00f3n.<\/span><br style=\"color: #000000; font-family: Helvetica, Arial, sans-serif; font-size: 16px; font-style: normal; font-variant: normal; font-weight: normal; letter-spacing: normal; line-height: normal; orphans: auto; text-align: start; text-indent: 0px; text-transform: none; white-space: normal; widows: auto; word-spacing: 0px; -webkit-text-stroke-width: 0px; background-color: #ffffff;\" \/><span style=\"color: #000000; font-family: Helvetica, Arial, sans-serif; font-size: 16px; font-style: normal; font-variant: normal; font-weight: normal; letter-spacing: normal; line-height: normal; orphans: auto; text-align: start; text-indent: 0px; text-transform: none; white-space: normal; widows: auto; word-spacing: 0px; -webkit-text-stroke-width: 0px; display: inline !important; float: none; background-color: #ffffff;\">\u00a0<\/span><br style=\"color: #000000; font-family: Helvetica, Arial, sans-serif; font-size: 16px; font-style: normal; font-variant: normal; font-weight: normal; letter-spacing: normal; line-height: normal; orphans: auto; text-align: start; text-indent: 0px; text-transform: none; white-space: normal; widows: auto; word-spacing: 0px; -webkit-text-stroke-width: 0px; background-color: #ffffff;\" \/><span style=\"color: #000000; font-family: Helvetica, Arial, sans-serif; font-size: 16px; font-style: normal; font-variant: normal; font-weight: normal; letter-spacing: normal; line-height: normal; orphans: auto; text-align: start; text-indent: 0px; text-transform: none; white-space: normal; widows: auto; word-spacing: 0px; -webkit-text-stroke-width: 0px; display: inline !important; float: none; background-color: #ffffff;\">El MAE, como principal autoridad ambiental es y ser\u00e1 part\u00edcipe de proyectos que contribuyen a la conservaci\u00f3n de los espacios naturales y la restauraci\u00f3n de tierras degradadas, que es un problema a combatir a nivel mundial.<\/span><br style=\"color: #000000; font-family: Helvetica, Arial, sans-serif; font-size: 16px; font-style: normal; font-variant: normal; font-weight: normal; letter-spacing: normal; line-height: normal; orphans: auto; text-align: start; text-indent: 0px; text-transform: none; white-space: normal; widows: auto; word-spacing: 0px; -webkit-text-stroke-width: 0px; background-color: #ffffff;\" \/><br style=\"color: #000000; font-family: Helvetica, Arial, sans-serif; font-size: 16px; font-style: normal; font-variant: normal; font-weight: normal; letter-spacing: normal; line-height: normal; orphans: auto; text-align: start; text-indent: 0px; text-transform: none; white-space: normal; widows: auto; word-spacing: 0px; -webkit-text-stroke-width: 0px; background-color: #ffffff;\" \/><span style=\"color: #000000; font-family: Helvetica, Arial, sans-serif; font-size: 16px; font-style: normal; font-variant: normal; font-weight: normal; letter-spacing: normal; line-height: normal; orphans: auto; text-align: start; text-indent: 0px; text-transform: none; white-space: normal; widows: auto; word-spacing: 0px; -webkit-text-stroke-width: 0px; display: inline !important; float: none; background-color: #ffffff;\">El Ecuador se encuentra trabajando en la restauraci\u00f3n de \u00e1reas bajo el Programa Nacional de Restauraci\u00f3n forestal con fines de conservaci\u00f3n ambiental, protecci\u00f3n de cuencas hidrogr\u00e1ficas y beneficios alternos, con el prop\u00f3sito de restaurar medio mill\u00f3n de hect\u00e1reas al 2017.<\/span><br style=\"color: #000000; font-family: Helvetica, Arial, sans-serif; font-size: 16px; font-style: normal; font-variant: normal; font-weight: normal; letter-spacing: normal; line-height: normal; orphans: auto; text-align: start; text-indent: 0px; text-transform: none; white-space: normal; widows: auto; word-spacing: 0px; -webkit-text-stroke-width: 0px; background-color: #ffffff;\" \/><span style=\"color: #000000; font-family: Helvetica, Arial, sans-serif; font-size: 16px; font-style: normal; font-variant: normal; font-weight: normal; letter-spacing: normal; line-height: normal; orphans: auto; text-align: start; text-indent: 0px; text-transform: none; white-space: normal; widows: auto; word-spacing: 0px; -webkit-text-stroke-width: 0px; display: inline !important; float: none; background-color: #ffffff;\">\u00a0<\/span><br style=\"color: #000000; font-family: Helvetica, Arial, sans-serif; font-size: 16px; font-style: normal; font-variant: normal; font-weight: normal; letter-spacing: normal; line-height: normal; orphans: auto; text-align: start; text-indent: 0px; text-transform: none; white-space: normal; widows: auto; word-spacing: 0px; -webkit-text-stroke-width: 0px; background-color: #ffffff;\" \/><span style=\"color: #000000; font-family: Helvetica, Arial, sans-serif; font-size: 16px; font-style: normal; font-variant: normal; font-weight: normal; letter-spacing: normal; line-height: normal; orphans: auto; text-align: start; text-indent: 0px; text-transform: none; white-space: normal; widows: auto; word-spacing: 0px; -webkit-text-stroke-width: 0px; display: inline !important; float: none; background-color: #ffffff;\">La Convenci\u00f3n de Naciones Unidas de Lucha contra la Desertificaci\u00f3n (UNCCD) celebra la iniciativa de 20 x 20 que fue presentado en el Segundo Foro Mundial del Paisaje, celebrada durante la COP 20 en Lima, con el objetivo audaz de restaurar 20 millones de hect\u00e1reas de tierras erosionadas en Am\u00e9rica Latina y el Caribe en 2020, la iniciativa constituye uno de los m\u00e1s los esfuerzos m\u00e1s importantes para hacer frente a los problemas de degradaci\u00f3n de la tierra.<\/span><br style=\"color: #000000; font-family: Helvetica, Arial, sans-serif; font-size: 16px; font-style: normal; font-variant: normal; font-weight: normal; letter-spacing: normal; line-height: normal; orphans: auto; text-align: start; text-indent: 0px; text-transform: none; white-space: normal; widows: auto; word-spacing: 0px; -webkit-text-stroke-width: 0px; background-color: #ffffff;\" \/><span style=\"color: #000000; font-family: Helvetica, Arial, sans-serif; font-size: 16px; font-style: normal; font-variant: normal; font-weight: normal; letter-spacing: normal; line-height: normal; orphans: auto; text-align: start; text-indent: 0px; text-transform: none; white-space: normal; widows: auto; word-spacing: 0px; -webkit-text-stroke-width: 0px; display: inline !important; float: none; background-color: #ffffff;\">\u00a0<\/span><br style=\"color: #000000; font-family: Helvetica, Arial, sans-serif; font-size: 16px; font-style: normal; font-variant: normal; font-weight: normal; letter-spacing: normal; line-height: normal; orphans: auto; text-align: start; text-indent: 0px; text-transform: none; white-space: normal; widows: auto; word-spacing: 0px; -webkit-text-stroke-width: 0px; background-color: #ffffff;\" \/><span style=\"color: #000000; font-family: Helvetica, Arial, sans-serif; font-size: 16px; font-style: normal; font-variant: normal; font-weight: normal; letter-spacing: normal; line-height: normal; orphans: auto; text-align: start; text-indent: 0px; text-transform: none; white-space: normal; widows: auto; word-spacing: 0px; -webkit-text-stroke-width: 0px; display: inline !important; float: none; background-color: #ffffff;\">Las ambiciones anunciadas en la iniciativa 20\u00d720 tambi\u00e9n contribuir\u00e1n al Reto de Bonn, la meta global para restaurar 150 millones de hect\u00e1reas de tierras degradadas. En este sentido, Ecuador, junto con pa\u00edses como Per\u00fa, M\u00e9xico, Guatemala, Colombia, Chile y Costa Rica, as\u00ed como con los Programas Regionales \u201cConservaci\u00f3n Patag\u00f3nica\u201d y Programa Regional \u201cBosques Modelo\u201d, esperan contribuir con alrededor de 20 millones de hect\u00e1reas.<\/span><br style=\"color: #000000; font-family: Helvetica, Arial, sans-serif; font-size: 16px; font-style: normal; font-variant: normal; font-weight: normal; letter-spacing: normal; line-height: normal; orphans: auto; text-align: start; text-indent: 0px; text-transform: none; white-space: normal; widows: auto; word-spacing: 0px; -webkit-text-stroke-width: 0px; background-color: #ffffff;\" \/><span style=\"color: #000000; font-family: Helvetica, Arial, sans-serif; font-size: 16px; font-style: normal; font-variant: normal; font-weight: normal; letter-spacing: normal; line-height: normal; orphans: auto; text-align: start; text-indent: 0px; text-transform: none; white-space: normal; widows: auto; word-spacing: 0px; -webkit-text-stroke-width: 0px; display: inline !important; float: none; background-color: #ffffff;\">\u00a0<\/span><br style=\"color: #000000; font-family: Helvetica, Arial, sans-serif; font-size: 16px; font-style: normal; font-variant: normal; font-weight: normal; letter-spacing: normal; line-height: normal; orphans: auto; text-align: start; text-indent: 0px; text-transform: none; white-space: normal; widows: auto; word-spacing: 0px; -webkit-text-stroke-width: 0px; background-color: #ffffff;\" \/><span style=\"color: #000000; font-family: Helvetica, Arial, sans-serif; font-size: 16px; font-style: normal; font-variant: normal; font-weight: normal; letter-spacing: normal; line-height: normal; orphans: auto; text-align: start; text-indent: 0px; text-transform: none; white-space: normal; widows: auto; word-spacing: 0px; -webkit-text-stroke-width: 0px; display: inline !important; float: none; background-color: #ffffff;\">Esta Cartera de Estado es consciente que la iniciativa 20 x 20 ofrece nuevas oportunidades de sinergia con acciones pertinentes a la lucha contra la desertificaci\u00f3n para evitar la degradaci\u00f3n de la tierra, con la implementaci\u00f3n de varios proyectos como el Proyecto de Neutralidad, que se est\u00e1 Implementado en 18 clubes de campo de todo el mundo y el Programa del Mecanismo Mundial de la Convenci\u00f3n de Seguridad y Resiliencia, que busca una financiaci\u00f3n sostenible y mecanismos para la protecci\u00f3n de bosques y paisajes con actividades de restauraci\u00f3n en varias escalas . SJ<br \/>\n<\/span><\/p>\n","protected":false},"excerpt":{"rendered":"<p class=\"excerpt\">La Convenci\u00f3n de Naciones Unidas de Lucha contra la Desertificaci\u00f3n felicita a varios pa\u00edses que participan en iniciativas hist\u00f3ricas de restauraci\u00f3n, entre ellos a Ecuador, que promueve programas regionales, comprometidos a la restauraci\u00f3n de terrenos bajo una estrategia sostenida.\u00a0\u00a0Monique Barbut, Secretaria Ejecutiva, a trav\u00e9s de una carta oficial, \u00a0agradeci\u00f3 y ensalz\u00f3 a Lorena Tapia, Ministra del Ambiente, por el apoyo&hellip; <a href=\"https:\/\/www.ambienteyenergia.gob.ec\/ambiente\/la-convencion-de-naciones-unidas-de-lucha-contra-la-desertificacion-felicita-la-participacion-del-mae-en-la-iniciativa-20-x-20\/\">Read more &rarr;<\/a><\/p>\n","protected":false},"author":13,"featured_media":23214,"comment_status":"open","ping_status":"open","sticky":false,"template":"","format":"standard","meta":{"footnotes":""},"categories":[16,4],"tags":[387],"class_list":["post-24357","post","type-post","status-publish","format-standard","has-post-thumbnail","hentry","category-comunicamos","category-noticias","tag-mae-lorena-tapia","xfolkentry"],"_links":{"self":[{"href":"https:\/\/www.ambienteyenergia.gob.ec\/ambiente\/wp-json\/wp\/v2\/posts\/24357","targetHints":{"allow":["GET"]}}],"collection":[{"href":"https:\/\/www.ambienteyenergia.gob.ec\/ambiente\/wp-json\/wp\/v2\/posts"}],"about":[{"href":"https:\/\/www.ambienteyenergia.gob.ec\/ambiente\/wp-json\/wp\/v2\/types\/post"}],"author":[{"embeddable":true,"href":"https:\/\/www.ambienteyenergia.gob.ec\/ambiente\/wp-json\/wp\/v2\/users\/13"}],"replies":[{"embeddable":true,"href":"https:\/\/www.ambienteyenergia.gob.ec\/ambiente\/wp-json\/wp\/v2\/comments?post=24357"}],"version-history":[{"count":0,"href":"https:\/\/www.ambienteyenergia.gob.ec\/ambiente\/wp-json\/wp\/v2\/posts\/24357\/revisions"}],"wp:featuredmedia":[{"embeddable":true,"href":"https:\/\/www.ambienteyenergia.gob.ec\/ambiente\/wp-json\/wp\/v2\/media\/23214"}],"wp:attachment":[{"href":"https:\/\/www.ambienteyenergia.gob.ec\/ambiente\/wp-json\/wp\/v2\/media?parent=24357"}],"wp:term":[{"taxonomy":"category","embeddable":true,"href":"https:\/\/www.ambienteyenergia.gob.ec\/ambiente\/wp-json\/wp\/v2\/categories?post=24357"},{"taxonomy":"post_tag","embeddable":true,"href":"https:\/\/www.ambienteyenergia.gob.ec\/ambiente\/wp-json\/wp\/v2\/tags?post=24357"}],"curies":[{"name":"wp","href":"https:\/\/api.w.org\/{rel}","templated":true}]}}