{"id":24343,"date":"2015-02-11T15:05:38","date_gmt":"2015-02-11T20:05:38","guid":{"rendered":"http:\/\/www.ambiente.gob.ec\/?p=24343"},"modified":"2015-02-11T15:05:38","modified_gmt":"2015-02-11T20:05:38","slug":"2-245-kilogramos-de-residuos-fueron-recolectado-en-salinas","status":"publish","type":"post","link":"https:\/\/www.ambienteyenergia.gob.ec\/ambiente\/2-245-kilogramos-de-residuos-fueron-recolectado-en-salinas\/","title":{"rendered":"2 245 kilogramos de residuos fueron recolectado en Salinas"},"content":{"rendered":"<p style=\"font-weight: normal; text-decoration: none; text-align: justify;\" align=\"JUSTIFY\"><span style=\"color: #000000;\"><span style=\"font-family: Calibri,sans-serif;\"><span style=\"font-size: small;\">Ayer la alianza p\u00fablico-privada entre el Ministerio del Ambiente (MAE) y Almacenes T\u00eda realiz\u00f3 la limpieza de la playa Santa Rosa, ubicada en el cant\u00f3n Salinas, Santa Elena. <\/span><\/span><\/span><\/p>\n<p style=\"font-weight: normal; text-decoration: none; text-align: justify;\" align=\"JUSTIFY\"><span style=\"color: #000000;\"><span style=\"font-family: Calibri,sans-serif;\"><span style=\"font-size: small;\">El Coordinador de Patrimonio Natural de la Direcci\u00f3n Provincial de Santa Elena, Robinson Rojas, se\u00f1al\u00f3 que lo m\u00e1s importante es contar con el compromiso de la ciudadan\u00eda. \u201cRecordemos que la playa m\u00e1s limpia no es la que m\u00e1s se barre sino la que menos se ensucia. Todos debemos colaborar para mantener nuestras playas en buen estado y m\u00e1s a\u00fan a puertas del feriado de Carnaval\u201d. <\/span><\/span><\/span><\/p>\n<p style=\"text-align: justify;\" align=\"JUSTIFY\"><span style=\"color: #000000;\"><span style=\"font-family: Calibri,sans-serif;\"><span style=\"font-size: small;\"><span style=\"text-decoration: none;\"><span style=\"font-weight: normal;\">El evento cont\u00f3 con una convocatoria de 150 voluntarios provenientes de las Asociaciones de Artesanos, funcionarios del Gobierno Aut\u00f3nomo Descentralizado Municipal de Salinas, j\u00f3venes del Servicio Civil Ciudadano del Ministerio de Turismo y funcionarios de la Direcci\u00f3n Provincial del Ambiente de Santa Elena, entre otros, quienes recolectaron 2 245Kg de residuos que se encontraban enterrados en la arena. <\/span><\/span><\/span><\/span><\/span><\/p>\n<p style=\"text-align: justify;\" align=\"JUSTIFY\"><span style=\"color: #000000;\"><span style=\"font-family: Calibri,sans-serif;\"><span style=\"font-size: small;\"><span style=\"text-decoration: none;\"><span style=\"font-weight: normal;\">Adicionalmente, Almacenes T\u00eda hizo la entrega de nuevas escalinatas, ubicadas al pie del malec\u00f3n, las cuales se realizaron con una inversi\u00f3n de USD 11 000. Leonardo Pesantes, <\/span><\/span><\/span><\/span><\/span><span style=\"color: #000000;\"><span style=\"font-family: Calibri,sans-serif;\"><span style=\"font-size: small;\"><span style=\"text-decoration: none;\"><span style=\"font-weight: normal;\">Director Corporativo de T\u00eda, indic\u00f3 que este aporte a la comunidad se lo hizo como parte de su programa de Responsabilidad Corporativa.<\/span><\/span><\/span><\/span><\/span><\/p>\n<p style=\"text-align: justify;\" align=\"JUSTIFY\"><span style=\"color: #000000;\"><span style=\"font-family: Calibri,sans-serif;\"><span style=\"font-size: small;\"><span style=\"text-decoration: none;\"><span style=\"font-weight: normal;\">Daniel Cisneros, Alcalde de Salinas, cort\u00f3 la cinta de las nuevas escalinatas y entreg\u00f3 a los habitantes la playa limpia haciendo un llamado para trabajar conjuntamente en el correcto manejo de los residuos <\/span><\/span><\/span><\/span><\/span><span style=\"color: #000000;\"><span style=\"font-family: Calibri,sans-serif;\"><span style=\"font-size: small;\"><span style=\"text-decoration: none;\"><span style=\"font-weight: normal;\">y as\u00ed aportar a mejorar la calidad de vida de los moradores de Santa Rosa, quienes hacen uso diario de la playa para cumplir con su actividad pesquera y comercial. <\/span><\/span><\/span><\/span><\/span><\/p>\n<p style=\"font-weight: normal; text-decoration: none; text-align: justify;\" align=\"JUSTIFY\"><span style=\"color: #000000;\"><span style=\"font-family: Calibri,sans-serif;\"><span style=\"font-size: small;\">La actividad conjunta entre el MAE y Almacenes T\u00eda se realiz\u00f3 como parte de la campa\u00f1a &#8216;Menos fundas m\u00e1s vida&#8217; que las dos organizaciones llevan a cabo para reducir el consumo de fundas pl\u00e1sticas tipo camiseta y promover el consumo de fundas reusables en los comercios del pa\u00eds.\/ba-ds<\/span><\/span><\/span><\/p>\n","protected":false},"excerpt":{"rendered":"<p class=\"excerpt\">Ayer la alianza p\u00fablico-privada entre el Ministerio del Ambiente (MAE) y Almacenes T\u00eda realiz\u00f3 la limpieza de la playa Santa Rosa, ubicada en el cant\u00f3n Salinas, Santa Elena. El Coordinador de Patrimonio Natural de la Direcci\u00f3n Provincial de Santa Elena, Robinson Rojas, se\u00f1al\u00f3 que lo m\u00e1s importante es contar con el compromiso de la ciudadan\u00eda. \u201cRecordemos que la playa m\u00e1s&hellip; <a href=\"https:\/\/www.ambienteyenergia.gob.ec\/ambiente\/2-245-kilogramos-de-residuos-fueron-recolectado-en-salinas\/\">Read more &rarr;<\/a><\/p>\n","protected":false},"author":13,"featured_media":24344,"comment_status":"open","ping_status":"open","sticky":false,"template":"","format":"standard","meta":{"footnotes":""},"categories":[16,4],"tags":[],"class_list":["post-24343","post","type-post","status-publish","format-standard","has-post-thumbnail","hentry","category-comunicamos","category-noticias","xfolkentry"],"_links":{"self":[{"href":"https:\/\/www.ambienteyenergia.gob.ec\/ambiente\/wp-json\/wp\/v2\/posts\/24343","targetHints":{"allow":["GET"]}}],"collection":[{"href":"https:\/\/www.ambienteyenergia.gob.ec\/ambiente\/wp-json\/wp\/v2\/posts"}],"about":[{"href":"https:\/\/www.ambienteyenergia.gob.ec\/ambiente\/wp-json\/wp\/v2\/types\/post"}],"author":[{"embeddable":true,"href":"https:\/\/www.ambienteyenergia.gob.ec\/ambiente\/wp-json\/wp\/v2\/users\/13"}],"replies":[{"embeddable":true,"href":"https:\/\/www.ambienteyenergia.gob.ec\/ambiente\/wp-json\/wp\/v2\/comments?post=24343"}],"version-history":[{"count":0,"href":"https:\/\/www.ambienteyenergia.gob.ec\/ambiente\/wp-json\/wp\/v2\/posts\/24343\/revisions"}],"wp:featuredmedia":[{"embeddable":true,"href":"https:\/\/www.ambienteyenergia.gob.ec\/ambiente\/wp-json\/wp\/v2\/media\/24344"}],"wp:attachment":[{"href":"https:\/\/www.ambienteyenergia.gob.ec\/ambiente\/wp-json\/wp\/v2\/media?parent=24343"}],"wp:term":[{"taxonomy":"category","embeddable":true,"href":"https:\/\/www.ambienteyenergia.gob.ec\/ambiente\/wp-json\/wp\/v2\/categories?post=24343"},{"taxonomy":"post_tag","embeddable":true,"href":"https:\/\/www.ambienteyenergia.gob.ec\/ambiente\/wp-json\/wp\/v2\/tags?post=24343"}],"curies":[{"name":"wp","href":"https:\/\/api.w.org\/{rel}","templated":true}]}}