{"id":24336,"date":"2015-02-10T17:33:39","date_gmt":"2015-02-10T22:33:39","guid":{"rendered":"http:\/\/www.ambiente.gob.ec\/?p=24336"},"modified":"2015-02-10T17:33:39","modified_gmt":"2015-02-10T22:33:39","slug":"programas-ambientales-fueron-socializados-en-la-comunidad-de-urcuqui","status":"publish","type":"post","link":"https:\/\/www.ambienteyenergia.gob.ec\/ambiente\/programas-ambientales-fueron-socializados-en-la-comunidad-de-urcuqui\/","title":{"rendered":"Programas ambientales fueron socializados en la comunidad de Urcuqu\u00ed"},"content":{"rendered":"<p style=\"text-align: justify;\">La Feria Tur\u00edstica, Artesanal, Gastron\u00f3mica, Cultural y Promocional, organizada por el Gobierno Municipal San Miguel de Urcuqu\u00ed, por los 31 a\u00f1os de su cantonizaci\u00f3n, fue el espacio para que la Direcci\u00f3n Provincial del Ambiente de Imbabura, d\u00e9 a conocer a la ciudadan\u00eda sobre los proyectos ambientales que lleva adelante el Ministerio del Ambiente del Ecuador (MAE).<\/p>\n<p style=\"text-align: justify;\">La informaci\u00f3n fue expuesta mediante un stand, donde a trav\u00e9s de afiches, tr\u00edpticos y folletos; ni\u00f1os, j\u00f3venes y adultos conocieron como cuidar la vegetaci\u00f3n, el agua, la importancia de sembrar \u00e1rboles, c\u00f3mo evitar incendios forestales, entre otros temas.<\/p>\n<p style=\"text-align: justify;\">Al finalizar, se hizo la entrega de plantas nativas a los visitantes, con el fin de sellar el compromiso de proteger el medio ambiente. \/\/MH<\/p>\n","protected":false},"excerpt":{"rendered":"<p class=\"excerpt\">La Feria Tur\u00edstica, Artesanal, Gastron\u00f3mica, Cultural y Promocional, organizada por el Gobierno Municipal San Miguel de Urcuqu\u00ed, por los 31 a\u00f1os de su cantonizaci\u00f3n, fue el espacio para que la Direcci\u00f3n Provincial del Ambiente de Imbabura, d\u00e9 a conocer a la ciudadan\u00eda sobre los proyectos ambientales que lleva adelante el Ministerio del Ambiente del Ecuador (MAE). La informaci\u00f3n fue expuesta&hellip; <a href=\"https:\/\/www.ambienteyenergia.gob.ec\/ambiente\/programas-ambientales-fueron-socializados-en-la-comunidad-de-urcuqui\/\">Read more &rarr;<\/a><\/p>\n","protected":false},"author":13,"featured_media":23214,"comment_status":"open","ping_status":"open","sticky":false,"template":"","format":"standard","meta":{"footnotes":""},"categories":[16,4],"tags":[387],"class_list":["post-24336","post","type-post","status-publish","format-standard","has-post-thumbnail","hentry","category-comunicamos","category-noticias","tag-mae-lorena-tapia","xfolkentry"],"_links":{"self":[{"href":"https:\/\/www.ambienteyenergia.gob.ec\/ambiente\/wp-json\/wp\/v2\/posts\/24336","targetHints":{"allow":["GET"]}}],"collection":[{"href":"https:\/\/www.ambienteyenergia.gob.ec\/ambiente\/wp-json\/wp\/v2\/posts"}],"about":[{"href":"https:\/\/www.ambienteyenergia.gob.ec\/ambiente\/wp-json\/wp\/v2\/types\/post"}],"author":[{"embeddable":true,"href":"https:\/\/www.ambienteyenergia.gob.ec\/ambiente\/wp-json\/wp\/v2\/users\/13"}],"replies":[{"embeddable":true,"href":"https:\/\/www.ambienteyenergia.gob.ec\/ambiente\/wp-json\/wp\/v2\/comments?post=24336"}],"version-history":[{"count":0,"href":"https:\/\/www.ambienteyenergia.gob.ec\/ambiente\/wp-json\/wp\/v2\/posts\/24336\/revisions"}],"wp:featuredmedia":[{"embeddable":true,"href":"https:\/\/www.ambienteyenergia.gob.ec\/ambiente\/wp-json\/wp\/v2\/media\/23214"}],"wp:attachment":[{"href":"https:\/\/www.ambienteyenergia.gob.ec\/ambiente\/wp-json\/wp\/v2\/media?parent=24336"}],"wp:term":[{"taxonomy":"category","embeddable":true,"href":"https:\/\/www.ambienteyenergia.gob.ec\/ambiente\/wp-json\/wp\/v2\/categories?post=24336"},{"taxonomy":"post_tag","embeddable":true,"href":"https:\/\/www.ambienteyenergia.gob.ec\/ambiente\/wp-json\/wp\/v2\/tags?post=24336"}],"curies":[{"name":"wp","href":"https:\/\/api.w.org\/{rel}","templated":true}]}}