{"id":24332,"date":"2015-02-10T16:11:38","date_gmt":"2015-02-10T21:11:38","guid":{"rendered":"http:\/\/www.ambiente.gob.ec\/?p=24332"},"modified":"2015-02-10T16:11:38","modified_gmt":"2015-02-10T21:11:38","slug":"turistas-pueden-practicar-buceo-deportivo-en-la-reserva-ecologica-cotacachi-cayapas","status":"publish","type":"post","link":"https:\/\/www.ambienteyenergia.gob.ec\/ambiente\/turistas-pueden-practicar-buceo-deportivo-en-la-reserva-ecologica-cotacachi-cayapas\/","title":{"rendered":"Turistas pueden practicar buceo deportivo en la Reserva Ecol\u00f3gica Cotacachi Cayapas"},"content":{"rendered":"<p style=\"text-align: justify;\">Como parte de la identificaci\u00f3n de productos tur\u00edsticos, el Ministerio de Ambiente del Ecuador (MAE) viene realizando la implementaci\u00f3n de factibilidad de oferta de buceo deportivo como una actividad tur\u00edstica en la Reserva Ecol\u00f3gica Cotacachi Cayapas, distrito Cuicocha; como uno de los principales instrumentos de involucramiento del turista con las \u00c1reas Protegidas del pa\u00eds, promoviendo la conservaci\u00f3n de los mismos, a trav\u00e9s de actividades integradas y procesos participativos con el medio ambiente.<\/p>\n<p style=\"text-align: justify;\">Para tal efecto el pasado viernes, la Reserva Ecol\u00f3gica Cotacachi Cayapas cont\u00f3 con la visita del Subsecretario de Gesti\u00f3n Marina y Costera, Douglas Zavala, quien realiz\u00f3 un recorrido guiado por el Sendero de la Ruta Sagrada, para luego realizar una prueba de buceo de altura.<\/p>\n<p style=\"text-align: justify;\">El equipo de buceo conformado por profesionales y dos guardaparques, se sumergieron en la aguas de la laguna para determinar el impacto ambiental de dicha actividad; que beneficiar\u00e1 al turismo dentro del \u00c1rea Protegida, brindando al turista nacional y extranjero una nuevo y atractivo servicio.<\/p>\n<p style=\"text-align: justify;\">Con esta implementaci\u00f3n, el MAE busca proporcionar a las \u00c1reas Protegidas una serie de bienes y servicios ecol\u00f3gicos, naturales y tur\u00edsticos; que no solo preserven el patrimonio natural y cultural del Ecuador; sino tambi\u00e9n potencializar econ\u00f3micamente a la comunidad, mediante el incremento de visitas tur\u00edsticas en el lugar. \/\/MH<\/p>\n","protected":false},"excerpt":{"rendered":"<p class=\"excerpt\">Como parte de la identificaci\u00f3n de productos tur\u00edsticos, el Ministerio de Ambiente del Ecuador (MAE) viene realizando la implementaci\u00f3n de factibilidad de oferta de buceo deportivo como una actividad tur\u00edstica en la Reserva Ecol\u00f3gica Cotacachi Cayapas, distrito Cuicocha; como uno de los principales instrumentos de involucramiento del turista con las \u00c1reas Protegidas del pa\u00eds, promoviendo la conservaci\u00f3n de los mismos,&hellip; <a href=\"https:\/\/www.ambienteyenergia.gob.ec\/ambiente\/turistas-pueden-practicar-buceo-deportivo-en-la-reserva-ecologica-cotacachi-cayapas\/\">Read more &rarr;<\/a><\/p>\n","protected":false},"author":13,"featured_media":24333,"comment_status":"open","ping_status":"open","sticky":false,"template":"","format":"standard","meta":{"footnotes":""},"categories":[16,4],"tags":[],"class_list":["post-24332","post","type-post","status-publish","format-standard","has-post-thumbnail","hentry","category-comunicamos","category-noticias","xfolkentry"],"_links":{"self":[{"href":"https:\/\/www.ambienteyenergia.gob.ec\/ambiente\/wp-json\/wp\/v2\/posts\/24332","targetHints":{"allow":["GET"]}}],"collection":[{"href":"https:\/\/www.ambienteyenergia.gob.ec\/ambiente\/wp-json\/wp\/v2\/posts"}],"about":[{"href":"https:\/\/www.ambienteyenergia.gob.ec\/ambiente\/wp-json\/wp\/v2\/types\/post"}],"author":[{"embeddable":true,"href":"https:\/\/www.ambienteyenergia.gob.ec\/ambiente\/wp-json\/wp\/v2\/users\/13"}],"replies":[{"embeddable":true,"href":"https:\/\/www.ambienteyenergia.gob.ec\/ambiente\/wp-json\/wp\/v2\/comments?post=24332"}],"version-history":[{"count":0,"href":"https:\/\/www.ambienteyenergia.gob.ec\/ambiente\/wp-json\/wp\/v2\/posts\/24332\/revisions"}],"wp:featuredmedia":[{"embeddable":true,"href":"https:\/\/www.ambienteyenergia.gob.ec\/ambiente\/wp-json\/wp\/v2\/media\/24333"}],"wp:attachment":[{"href":"https:\/\/www.ambienteyenergia.gob.ec\/ambiente\/wp-json\/wp\/v2\/media?parent=24332"}],"wp:term":[{"taxonomy":"category","embeddable":true,"href":"https:\/\/www.ambienteyenergia.gob.ec\/ambiente\/wp-json\/wp\/v2\/categories?post=24332"},{"taxonomy":"post_tag","embeddable":true,"href":"https:\/\/www.ambienteyenergia.gob.ec\/ambiente\/wp-json\/wp\/v2\/tags?post=24332"}],"curies":[{"name":"wp","href":"https:\/\/api.w.org\/{rel}","templated":true}]}}